{"id":9388,"date":"2025-02-03T15:55:22","date_gmt":"2025-02-03T14:55:22","guid":{"rendered":"https:\/\/observator.org.al\/?p=9388"},"modified":"2025-02-03T20:22:17","modified_gmt":"2025-02-03T19:22:17","slug":"thirrje-per-shprehje-interesi-thirrje-per-ekspert-lokal-mbi-privatesine-dhe-mbrojtjen-e-te-dhenave-te-indikatoreve-te-panelit-me-statistika-zyrtare-per-femije-dhe-te-rinj","status":"publish","type":"post","link":"https:\/\/observator.org.al\/sq\/thirrje-per-shprehje-interesi-thirrje-per-ekspert-lokal-mbi-privatesine-dhe-mbrojtjen-e-te-dhenave-te-indikatoreve-te-panelit-me-statistika-zyrtare-per-femije-dhe-te-rinj\/","title":{"rendered":"THIRRJE P\u00cbR SHPREHJE INTERESI-THIRRJE P\u00cbR EKSPERT LOKAL MBI PRIVAT\u00cbSIN\u00cb DHE MBROJTJEN E T\u00cb DH\u00cbNAVE T\u00cb INDIKATOR\u00cbVE T\u00cb PANELIT ME STATISTIKA ZYRTARE P\u00cbR  F\u00cbMIJ\u00cb DHE T\u00cb RINJ"},"content":{"rendered":"<p>Tiran\u00eb, m\u00eb 03 Shkurt 2025<br \/>\n\u201c<strong>Observatori p\u00ebr t\u00eb Drejtat e F\u00ebmij\u00ebve dhe t\u00eb Rinjve<\/strong>\u201d, n\u00eb kuad\u00ebr t\u00eb zbatimit t\u00eb projektit &#8220;Strengthening Child and Youth Statistics for Policy Impact in Albania\u201d t\u00eb zbatuar n\u00eb partneritet me UNICEF n\u00eb Shqip\u00ebri \u00ebsht\u00eb i interesuar t\u00eb p\u00ebrfitoj\u00eb sh\u00ebrbim p\u00ebr ekspertiz\u00eb nga individ\u00eb, persona fizik ose juridik.<br \/>\n<strong>Titulli i pun\u00ebs: Ekspert lokal mbi privat\u00ebsin\u00eb dhe mbrojtjen e t\u00eb dh\u00ebnave t\u00eb indikator\u00ebve t\u00eb panelit me statistika zyrtare p\u00ebr f\u00ebmij\u00eb dhe t\u00eb rin<\/strong>j \u2013 12 dit\u00eb pune<\/p>\n<p><strong>Koh\u00ebzgjatja e angazhimit<\/strong>: 20 Shkurt \u2013 31 Mars 2025<\/p>\n<p><strong>Detyrat dhe p\u00ebrgjegj\u00ebsit\u00eb<\/strong><br \/>\nN\u00eb koordinim me Observatorin, si dhe n\u00eb bashk\u00ebpunim me ekspert\u00ebt lokal\u00eb, eksperti do angazhohet n\u00eb detyrat si vijon:<\/p>\n<ul>\n<li>Rishikon tabelat e populluara me t\u00eb dh\u00ebna p\u00ebr vitet 2021-2024.<\/li>\n<li>Vler\u00ebson struktur\u00ebn, p\u00ebrmbajtjen dhe prezantimin e tabelave p\u00ebr t\u00eb siguruar p\u00ebrputhshm\u00ebrin\u00eb m\u00eb GDPR dhe mbrojtjen e t\u00eb dh\u00ebnave.<\/li>\n<li>Identifikon dhe rekomandon metoda p\u00ebr anonimzimin e t\u00eb dh\u00ebnave sensitive.<\/li>\n<li>Udh\u00ebzon ekspert\u00ebt mbi praktikat e mira p\u00ebr menaxhimin dhe shp\u00ebrndarjen e sigurt t\u00eb t\u00eb dh\u00ebnave.<\/li>\n<li>Dokumenton gjetjet dhe rekomandon p\u00ebrmir\u00ebsime.<\/li>\n<\/ul>\n<p>T\u00eb interesuarit duhet t\u00eb jen\u00eb t\u00eb pajisur diplom\u00eb universitare ose pasuniversitare n\u00eb Statistik\u00eb, Ekonomiks, Sociologji, Shkenca Shoq\u00ebrore ose fusha t\u00eb ngjashme. Dhe t\u00eb ken\u00eb Njohuri t\u00eb shk\u00eblqyera mbi rregulloren nd\u00ebrkomb\u00ebtare p\u00ebr mbrojtjen e t\u00eb dh\u00ebnave (GDPR, CCPA, etj.).<br \/>\nEksperienc\u00eb n\u00eb pun\u00ebn me dataset-e sensitive, ve\u00e7an\u00ebrisht ato q\u00eb lidhen me f\u00ebmij\u00ebt dhe t\u00eb rinjt\u00eb<\/p>\n<p><strong>Si t\u00eb aplikoni?<\/strong><br \/>\nIndivid\u00ebt e interesuar (persona fizik\u00eb ose juridik\u00eb) jan\u00eb t\u00eb ftuar t\u00eb shprehin interesin e tyre duke d\u00ebrguar CV-n\u00eb e tyre fizikisht ose email deri m\u00eb 17 Shkurt 2025.<br \/>\nAdresa: Observatori p\u00ebr t\u00eb Drejtat e F\u00ebmij\u00ebve dhe te Rinjve<br \/>\nRruga Brigada e VIII, Pall.LID, K.1,Z.1, Tiran\u00eb \u2013 Shqip\u00ebri<br \/>\nEmail:\u00a0hr@observator.org.al<\/p>\n<ul>\n<li>Thirrja \u00ebsht\u00eb e hapur nga 03 Shkurt deri m\u00eb <strong>17 Shkurt 2025<\/strong>.<\/li>\n<li>Vet\u00ebm kandidat\u00ebt e p\u00ebrzgjedhur do t\u00eb kontaktohen.<\/li>\n<\/ul>\n","protected":false},"excerpt":{"rendered":"<p>Tiran\u00eb, m\u00eb 03 Shkurt 2025 \u201cObservatori p\u00ebr t\u00eb Drejtat e F\u00ebmij\u00ebve dhe t\u00eb Rinjve\u201d, n\u00eb kuad\u00ebr t\u00eb zbatimit t\u00eb projektit &#8220;Strengthening Child and Youth Statistics for Policy Impact in Albania\u201d t\u00eb zbatuar n\u00eb partneritet me UNICEF n\u00eb Shqip\u00ebri \u00ebsht\u00eb i interesuar t\u00eb p\u00ebrfitoj\u00eb sh\u00ebrbim p\u00ebr ekspertiz\u00eb nga individ\u00eb, persona fizik ose juridik. Titulli i pun\u00ebs: [&hellip;]<\/p>\n","protected":false},"author":7,"featured_media":0,"comment_status":"closed","ping_status":"closed","sticky":false,"template":"","format":"standard","meta":{"footnotes":""},"categories":[59],"tags":[],"class_list":["post-9388","post","type-post","status-publish","format-standard","hentry","category-tepergjithshme"],"_links":{"self":[{"href":"https:\/\/observator.org.al\/sq\/wp-json\/wp\/v2\/posts\/9388","targetHints":{"allow":["GET"]}}],"collection":[{"href":"https:\/\/observator.org.al\/sq\/wp-json\/wp\/v2\/posts"}],"about":[{"href":"https:\/\/observator.org.al\/sq\/wp-json\/wp\/v2\/types\/post"}],"author":[{"embeddable":true,"href":"https:\/\/observator.org.al\/sq\/wp-json\/wp\/v2\/users\/7"}],"replies":[{"embeddable":true,"href":"https:\/\/observator.org.al\/sq\/wp-json\/wp\/v2\/comments?post=9388"}],"version-history":[{"count":5,"href":"https:\/\/observator.org.al\/sq\/wp-json\/wp\/v2\/posts\/9388\/revisions"}],"predecessor-version":[{"id":9408,"href":"https:\/\/observator.org.al\/sq\/wp-json\/wp\/v2\/posts\/9388\/revisions\/9408"}],"wp:attachment":[{"href":"https:\/\/observator.org.al\/sq\/wp-json\/wp\/v2\/media?parent=9388"}],"wp:term":[{"taxonomy":"category","embeddable":true,"href":"https:\/\/observator.org.al\/sq\/wp-json\/wp\/v2\/categories?post=9388"},{"taxonomy":"post_tag","embeddable":true,"href":"https:\/\/observator.org.al\/sq\/wp-json\/wp\/v2\/tags?post=9388"}],"curies":[{"name":"wp","href":"https:\/\/api.w.org\/{rel}","templated":true}]}}