{"id":8819,"date":"2023-01-13T12:02:36","date_gmt":"2023-01-13T11:02:36","guid":{"rendered":"https:\/\/observator.org.al\/?p=8819"},"modified":"2023-01-13T14:47:44","modified_gmt":"2023-01-13T13:47:44","slug":"thirrje-per-pjesemarres-ide-promovuese-nga-te-rinjte","status":"publish","type":"post","link":"https:\/\/observator.org.al\/sq\/thirrje-per-pjesemarres-ide-promovuese-nga-te-rinjte\/","title":{"rendered":"Thirrje p\u00ebr pjes\u00ebmarr\u00ebs &#8211; Ide promovuese nga t\u00eb rinjt\u00eb"},"content":{"rendered":"<p style=\"text-align: center;\"><strong>Thirrje p\u00ebr pjes\u00ebmarr\u00ebs<\/strong><\/p>\n<p style=\"text-align: center;\"><strong>Ide promovuese nga t\u00eb rinjt\u00eb<\/strong><\/p>\n<p style=\"text-align: right;\"><strong>Afati: 27 Janar 2023<\/strong><\/p>\n<p>Ju njoftojm\u00eb se \u201cObservatori p\u00ebr t\u00eb drejtat e t\u00eb Rinjve dhe F\u00ebmij\u00ebve\u201d n\u00eb partneritet me zyr\u00ebn e UNICEF n\u00eb Shqip\u00ebri ka hapur thirjen p\u00ebr t\u00eb rinj pjes\u00ebmarr\u00ebs n\u00eb dh\u00ebnien e ideve inovative\/ promovuese. Kjo thirrje \u00ebsht\u00eb e hapur n\u00eb kuad\u00ebr t\u00eb promovimit t\u00eb platform\u00ebs U-Report dhe \u00ebsht\u00eb e vlefshme p\u00ebr t\u00eb gjith\u00eb t\u00eb rinjt\u00eb e qytetit t\u00eb Tiran\u00ebs.<\/p>\n<p>Observatori p\u00ebr t\u00eb Drejtat e F\u00ebmij\u00ebve dhe Rinis\u00eb (Observatori) \u00ebsht\u00eb nj\u00eb entitet joqeveritar i krijuar n\u00eb vitin 2013, me mision t\u00eb siguroj\u00eb dinjitetin dhe mir\u00ebqenien e f\u00ebmij\u00ebve dhe t\u00eb rinjve n\u00eb t\u00eb gjith\u00eb Shqip\u00ebrin\u00eb n\u00ebp\u00ebrmjet v\u00ebzhgimit, k\u00ebrkimit dhe analiz\u00ebs, komunikimit dhe avokimit; duke bashk\u00ebpunuar me aktor\u00eb\/institucione t\u00eb tjera dhe duke u angazhuar n\u00eb fushata nd\u00ebrgjegj\u00ebsimi dhe edukimi publik. Observatori \u00ebsht\u00eb i pranish\u00ebm n\u00eb t\u00eb gjith\u00eb vendin me dymb\u00ebdhjet\u00eb ekspert\u00eb rajonal\u00eb (nj\u00eb p\u00ebr \u00e7do rajon t\u00eb vendit).<\/p>\n<p><strong>Q\u00ebllimi i k\u00ebsaj thirrje \u00ebsht\u00eb:<\/strong><\/p>\n<ul>\n<li>T\u00eb mbledh nj\u00eb grup t\u00eb rinjsh prej 8-15 personash me q\u00ebllim dh\u00ebnien e ideve inovative\/promovuese, t\u00eb cilat d\u00ebshirojn\u00eb t\u2019i zbatojn\u00eb.<\/li>\n<li>T\u00eb zhvilloj\u00eb nj\u00eb seri takimesh q\u00eb nga dh\u00ebnia e ideve fillestare deri te ajo fituese, e cila do t\u00eb zbatohet.<\/li>\n<li>T\u00eb mb\u00ebshtes\u00eb financiarisht iden\u00eb fituese n\u00eb zbatimin e saj.<\/li>\n<li>Tu jap t\u00eb rinjve pjes\u00ebmarr\u00ebs mund\u00ebsin\u00eb p\u00ebr t\u00eb shprehur veten n\u00ebp\u00ebrmjet artit, let\u00ebrsis\u00eb, marketingut apo m\u00ebnyrave t\u00eb tjera duke patur gjithmon\u00eb n\u00eb fokus nj\u00eb nga temat e trajtuara n\u00eb platform\u00ebn U-Report:<\/li>\n<\/ul>\n<ol>\n<li>Vendimarrja e t\u00eb rinjve;<\/li>\n<li>Promovimi i parandalimit t\u00eb braktisjes shkollore n\u00eb shkollat e mesme;<\/li>\n<li>Aft\u00ebsit\u00eb p\u00ebr jet\u00ebn te t\u00eb rinjt\u00eb;<\/li>\n<li>Digjitalizimi;<\/li>\n<li>Orientimi p\u00ebr Karrier\u00ebn;<\/li>\n<li>Cil\u00ebsia e Ajrit dhe Mbrojtja e Mjedisit;<\/li>\n<li>Aktivizmi Rinor etj.<\/li>\n<\/ol>\n<ul>\n<li>T\u00eb pajis\u00eb t\u00eb rinjt\u00eb me nj\u00eb certifikat\u00eb pjes\u00ebmarr\u00ebse t\u00eb njohur n\u00eb promovimin e platform\u00ebs U-Report n\u00eb Shqip\u00ebri.<\/li>\n<\/ul>\n<p><strong>Informacione n\u00eb lidhje me idet\u00eb promovuese<\/strong><\/p>\n<p>Ideja duhet t\u00eb konsistoj\u00eb n\u00eb nj\u00eb nga pikat e m\u00ebposhtme:<\/p>\n<ul>\n<li>T\u00eb trajtoj\u00eb nj\u00eb tem\u00eb\/\u00e7\u00ebshtje q\u00eb prek t\u00eb rinjt\u00eb drejtp\u00ebrdrejt\u00eb.<\/li>\n<li>T\u00eb jet\u00eb n\u00eb p\u00ebrputhje me t\u00eb gjith\u00eb temat e trajtuara deri tani n\u00eb platform\u00ebn U-Report ose q\u00eb mund t\u00eb lind si rrjedhoj\u00eb e tyre (linku i s\u00eb cil\u00ebs m\u00eb posht\u00eb)<\/li>\n<\/ul>\n<p><a href=\"https:\/\/westernbalkans.ureport.in\/opinions\/\">https:\/\/westernbalkans.ureport.in\/opinions\/<\/a><\/p>\n<ul>\n<li>T\u00eb jet\u00eb nj\u00eb ide e zbatueshme dhe q\u00eb vjen nga t\u00eb rinjt\u00eb si nj\u00eb risi.duke trajtuar problematikat e tyre dhe \u00e7\u00ebshtje q\u00eb shqet\u00ebsojn\u00eb ata ose komunitetin rreth tyre.<\/li>\n<\/ul>\n<p><strong>Shpenzimet:<\/strong> Organizata do t\u00eb mbuloj\u00eb t\u00eb gjith\u00eb koston e zbatimit t\u00eb ides\u00eb fituese deri n\u00eb shum\u00ebn prej 50,000 lek\u00eb t\u00eb reja.<\/p>\n<p><strong>Cil\u00ebt mund t\u00eb aplikojn\u00eb?<\/strong><\/p>\n<p>Kjo thirrje \u00ebsht\u00eb e hapur p\u00ebr gjith\u00eb t\u00eb rinjt\u00eb t\u00eb cil\u00ebt jan\u00eb:<\/p>\n<ul>\n<li>Midis mosh\u00ebs 15-29 vje\u00e7<\/li>\n<li>T\u00eb jen\u00eb banues n\u00eb qytetin e Tiran\u00ebs<\/li>\n<li>T\u00eb gatsh\u00ebm p\u00ebr t\u00eb dh\u00ebn\u00eb ide promovuese dhe p\u00ebr t\u00eb ndjekur rrjedh\u00ebn e zbatimit t\u00eb tyre.<\/li>\n<\/ul>\n<p><strong>Si t\u00eb aplikoni?<\/strong><\/p>\n<p>T\u00eb gjith\u00eb t\u00eb rinjt\u00eb e interesuar duhet t\u00eb plot\u00ebsojn\u00eb form\u00ebn e aplikimit n\u00eb linkun: <a href=\"https:\/\/docs.google.com\/forms\/d\/1UfdxQB5fyDMnjfuxgYDAwvM1hlaF9Rqcot4x6P7351I\/edit\">https:\/\/docs.google.com\/forms\/d\/1UfdxQB5fyDMnjfuxgYDA\u00ebvM1hlaF9Rqcot4x6P7351I\/edit<\/a><\/p>\n<p>Observatori ofron mund\u00ebsi t\u00eb barabarta angazhimi p\u00ebr t\u00eb gjith\u00eb individ\u00ebt e interesuar dhe inkurajon aplikime nga t\u00eb gjith\u00eb, pavar\u00ebsisht nga feja, raca, etnia, gjinia, orientimi seksual apo pik\u00ebpamjet politike.<\/p>\n<p>N\u00ebse keni ndonj\u00eb pyetje apo nevoj\u00eb p\u00ebr informacione t\u00eb tjera ju lutem mos hezitoni t\u00eb na kontaktoni n\u00eb <a href=\"mailto:info@observator.org.al\">info@observator.org.al<\/a><\/p>\n","protected":false},"excerpt":{"rendered":"<p>Thirrje p\u00ebr pjes\u00ebmarr\u00ebs Ide promovuese nga t\u00eb rinjt\u00eb Afati: 27 Janar 2023 Ju njoftojm\u00eb se \u201cObservatori p\u00ebr t\u00eb drejtat e t\u00eb Rinjve dhe F\u00ebmij\u00ebve\u201d n\u00eb partneritet me zyr\u00ebn e UNICEF n\u00eb Shqip\u00ebri ka hapur thirjen p\u00ebr t\u00eb rinj pjes\u00ebmarr\u00ebs n\u00eb dh\u00ebnien e ideve inovative\/ promovuese. Kjo thirrje \u00ebsht\u00eb e hapur n\u00eb kuad\u00ebr t\u00eb promovimit t\u00eb [&hellip;]<\/p>\n","protected":false},"author":7,"featured_media":0,"comment_status":"closed","ping_status":"closed","sticky":false,"template":"","format":"standard","meta":{"footnotes":""},"categories":[59],"tags":[],"class_list":["post-8819","post","type-post","status-publish","format-standard","hentry","category-tepergjithshme"],"_links":{"self":[{"href":"https:\/\/observator.org.al\/sq\/wp-json\/wp\/v2\/posts\/8819","targetHints":{"allow":["GET"]}}],"collection":[{"href":"https:\/\/observator.org.al\/sq\/wp-json\/wp\/v2\/posts"}],"about":[{"href":"https:\/\/observator.org.al\/sq\/wp-json\/wp\/v2\/types\/post"}],"author":[{"embeddable":true,"href":"https:\/\/observator.org.al\/sq\/wp-json\/wp\/v2\/users\/7"}],"replies":[{"embeddable":true,"href":"https:\/\/observator.org.al\/sq\/wp-json\/wp\/v2\/comments?post=8819"}],"version-history":[{"count":3,"href":"https:\/\/observator.org.al\/sq\/wp-json\/wp\/v2\/posts\/8819\/revisions"}],"predecessor-version":[{"id":9028,"href":"https:\/\/observator.org.al\/sq\/wp-json\/wp\/v2\/posts\/8819\/revisions\/9028"}],"wp:attachment":[{"href":"https:\/\/observator.org.al\/sq\/wp-json\/wp\/v2\/media?parent=8819"}],"wp:term":[{"taxonomy":"category","embeddable":true,"href":"https:\/\/observator.org.al\/sq\/wp-json\/wp\/v2\/categories?post=8819"},{"taxonomy":"post_tag","embeddable":true,"href":"https:\/\/observator.org.al\/sq\/wp-json\/wp\/v2\/tags?post=8819"}],"curies":[{"name":"wp","href":"https:\/\/api.w.org\/{rel}","templated":true}]}}