{"id":8749,"date":"2022-09-01T13:54:52","date_gmt":"2022-09-01T11:54:52","guid":{"rendered":"https:\/\/observator.org.al\/?p=8749"},"modified":"2023-01-05T15:02:47","modified_gmt":"2023-01-05T14:02:47","slug":"thirrje-per-shprehje-interesi-expert-monitoring-the-financial-support-2","status":"publish","type":"post","link":"https:\/\/observator.org.al\/sq\/thirrje-per-shprehje-interesi-expert-monitoring-the-financial-support-2\/","title":{"rendered":"Thirrje per shprehje interesi-Expert monitoring the financial support"},"content":{"rendered":"<p style=\"text-align: right;\"><strong>Tiran\u00eb, m\u00eb 1 shtator 2022<\/strong><\/p>\n<p><strong>\u00a0<\/strong><\/p>\n<p style=\"text-align: center;\"><strong>Thirrje p\u00ebr shprehje interesi<\/strong><\/p>\n<p><strong>\u00a0<\/strong><\/p>\n<p><strong>\u201cObservatori p\u00ebr t\u00eb Drejtat e F\u00ebmij\u00ebve dhe t\u00eb Rinjve\u201d, <\/strong>n\u00eb kuad\u00ebr t\u00eb zbatimit t\u00eb projektit \u201cReaching the unreached!\u201d realizuar n\u00eb partneritet me UNICEF n\u00eb Shqip\u00ebri, \u00ebsht\u00eb i interesuar t\u00eb angazhoj\u00eb ekspert\u00eb, persona fizik, ose persona juridik.<\/p>\n<p>&nbsp;<\/p>\n<p><strong><u>Titulli i pun\u00ebs<\/u><\/strong>:<\/p>\n<ul>\n<li>Ekspert\u00eb p\u00ebr leht\u00ebsimin e mbledhjes s\u00eb t\u00eb dhenave p\u00ebr t\u00eb rinjt\u00eb as n\u00eb arsim, formim professional apo pun\u00ebsim (AAFP), n\u00eb nivel komb\u00ebtar, cdo 3 muaj \u2013 gjithsej 8 dit\u00eb pune (n\u00eb total).<\/li>\n<\/ul>\n<p>&nbsp;<\/p>\n<p><strong>Koh\u00ebzgjatja e angazhimit<\/strong>: 15 shtator 2022 &#8211; 31 korrik 2022<\/p>\n<p>&nbsp;<\/p>\n<p>T\u00eb interesuarit duhet t\u00eb jen\u00eb t\u00eb pajisur me diplom\u00eb master dhe t\u00eb ken\u00eb t\u00eb pakt\u00ebn 5 vite eksperienc\u00eb pune n\u00eb fush\u00ebn p\u00ebr t\u00eb cil\u00ebn aplikojn\u00eb, ose me diplom\u00eb bachelor dhe t\u00eb ken\u00eb t\u00eb pakt\u00ebn 7 vite eksperienc\u00eb pune.<\/p>\n<p>&nbsp;<\/p>\n<p>Individ\u00ebt, personat fizik dhe\/ose juridik t\u00eb interesuar jan\u00eb t\u00eb lutur q\u00eb t\u00eb shprehin interesin duke d\u00ebrguar bashk\u00ebngjitur nj\u00eb CV deri me dat\u00eb <strong>08.09.2022<\/strong> (fizikisht ose me email):<\/p>\n<p>&nbsp;<\/p>\n<p>Adresa: Observatori p\u00ebr t\u00eb Drejtat e F\u00ebmij\u00ebve dhe te Rinjve<\/p>\n<p>Rruga Brigada e VIII, Pall.LID, K.1,Z.1, Tiran\u00eb \u2013 Shqip\u00ebri<\/p>\n<p><strong><u>Email<\/u><\/strong>: <a href=\"mailto:info@observator.org.al\">info@observator.org.al<\/a><\/p>\n<p>&nbsp;<\/p>\n<p>Kjo thirrje do t\u00eb q\u00ebndroj\u00eb e hapur q\u00eb nga data e b\u00ebrjes publike (01.09.2022) e deri n\u00eb mbylljen e saj (08.09.2022). Vet\u00ebm personat e p\u00ebrzgjedhur do t\u00eb kontaktohen.<\/p>\n<p>&nbsp;<\/p>\n","protected":false},"excerpt":{"rendered":"<p>Tiran\u00eb, m\u00eb 1 shtator 2022 \u00a0 Thirrje p\u00ebr shprehje interesi \u00a0 \u201cObservatori p\u00ebr t\u00eb Drejtat e F\u00ebmij\u00ebve dhe t\u00eb Rinjve\u201d, n\u00eb kuad\u00ebr t\u00eb zbatimit t\u00eb projektit \u201cReaching the unreached!\u201d realizuar n\u00eb partneritet me UNICEF n\u00eb Shqip\u00ebri, \u00ebsht\u00eb i interesuar t\u00eb angazhoj\u00eb ekspert\u00eb, persona fizik, ose persona juridik. &nbsp; Titulli i pun\u00ebs: Ekspert\u00eb p\u00ebr leht\u00ebsimin e [&hellip;]<\/p>\n","protected":false},"author":6,"featured_media":0,"comment_status":"closed","ping_status":"closed","sticky":false,"template":"","format":"standard","meta":{"footnotes":""},"categories":[59],"tags":[],"class_list":["post-8749","post","type-post","status-publish","format-standard","hentry","category-tepergjithshme"],"_links":{"self":[{"href":"https:\/\/observator.org.al\/sq\/wp-json\/wp\/v2\/posts\/8749","targetHints":{"allow":["GET"]}}],"collection":[{"href":"https:\/\/observator.org.al\/sq\/wp-json\/wp\/v2\/posts"}],"about":[{"href":"https:\/\/observator.org.al\/sq\/wp-json\/wp\/v2\/types\/post"}],"author":[{"embeddable":true,"href":"https:\/\/observator.org.al\/sq\/wp-json\/wp\/v2\/users\/6"}],"replies":[{"embeddable":true,"href":"https:\/\/observator.org.al\/sq\/wp-json\/wp\/v2\/comments?post=8749"}],"version-history":[{"count":2,"href":"https:\/\/observator.org.al\/sq\/wp-json\/wp\/v2\/posts\/8749\/revisions"}],"predecessor-version":[{"id":8800,"href":"https:\/\/observator.org.al\/sq\/wp-json\/wp\/v2\/posts\/8749\/revisions\/8800"}],"wp:attachment":[{"href":"https:\/\/observator.org.al\/sq\/wp-json\/wp\/v2\/media?parent=8749"}],"wp:term":[{"taxonomy":"category","embeddable":true,"href":"https:\/\/observator.org.al\/sq\/wp-json\/wp\/v2\/categories?post=8749"},{"taxonomy":"post_tag","embeddable":true,"href":"https:\/\/observator.org.al\/sq\/wp-json\/wp\/v2\/tags?post=8749"}],"curies":[{"name":"wp","href":"https:\/\/api.w.org\/{rel}","templated":true}]}}