{"id":8738,"date":"2022-08-08T13:51:55","date_gmt":"2022-08-08T11:51:55","guid":{"rendered":"https:\/\/observator.org.al\/?p=8738"},"modified":"2023-01-05T15:03:27","modified_gmt":"2023-01-05T14:03:27","slug":"thirrje-per-shprehje-interesi-expert-for-multi-stakeholder-dialogues","status":"publish","type":"post","link":"https:\/\/observator.org.al\/sq\/thirrje-per-shprehje-interesi-expert-for-multi-stakeholder-dialogues\/","title":{"rendered":"Thirrje per shprehje interesi-Expert for multi-stakeholder dialogues"},"content":{"rendered":"<p style=\"text-align: right;\"><strong>Tiran\u00eb, m\u00eb 8 gusht 2022<\/strong><\/p>\n<p><strong>\u00a0<\/strong><\/p>\n<p style=\"text-align: center;\"><strong>Thirrje p\u00ebr shprehje interesi<\/strong><\/p>\n<p><strong>\u00a0<\/strong><\/p>\n<p><strong>\u201cObservatori p\u00ebr t\u00eb Drejtat e F\u00ebmij\u00ebve dhe t\u00eb Rinjve\u201d, <\/strong>n\u00eb kuad\u00ebr t\u00eb zbatimit t\u00eb projektit \u201cReaching the unreached!\u201d realizuar n\u00eb partneritet me UNICEF n\u00eb Shqip\u00ebri, \u00ebsht\u00eb i interesuar t\u00eb angazhoj\u00eb ekspert\u00eb, persona fizik, ose persona juridik.<\/p>\n<p>&nbsp;<\/p>\n<p><strong><u>Titulli i pun\u00ebs<\/u><\/strong>:<\/p>\n<ul>\n<li>Ekspert\u00eb t\u00eb arsimit, pun\u00ebsimit, mbrojtjes sociale p\u00ebr zhvillimin e dialogjeve shum\u00eb pal\u00ebshe p\u00ebr identifikimin e t\u00eb rinjve as n\u00eb pun\u00ebsim, arsim apo trajnim (AAFP), q\u00eb do t\u00eb realiohen n\u00eb nivel qendror me p\u00ebrfaq\u00ebsues t\u00eb Ministrive p\u00ebrkat\u00ebse dhe n\u00eb nivel lokal me p\u00ebrfaq\u00ebses t\u00eb institucioneve lokale \u2013 gjithsej 12 dit\u00eb pune (n\u00eb total).<\/li>\n<\/ul>\n<p>&nbsp;<\/p>\n<p><strong>Koh\u00ebzgjatja e angazhimit<\/strong>: 15 gusht 2022 \u2013 20 dhjetor 2022<\/p>\n<p>T\u00eb interesuarit duhet t\u00eb jen\u00eb t\u00eb pajisur me diplom\u00eb master dhe t\u00eb ken\u00eb t\u00eb pakt\u00ebn 5 vite eksperienc\u00eb pune n\u00eb fush\u00ebn p\u00ebr t\u00eb cil\u00ebn aplikojn\u00eb, ose me diplom\u00eb bachelor dhe t\u00eb ken\u00eb t\u00eb pakt\u00ebn 7 vite eksperienc\u00eb pune.<\/p>\n<p>&nbsp;<\/p>\n<p>Individ\u00ebt, personat fizik dhe\/ose juridik t\u00eb interesuar jan\u00eb t\u00eb lutur q\u00eb t\u00eb shprehin interesin duke d\u00ebrguar bashk\u00ebngjitur nj\u00eb CV deri me dat\u00eb <strong>12.08.2022<\/strong> (fizikisht ose me email):<\/p>\n<p>&nbsp;<\/p>\n<p>Adresa: Observatori p\u00ebr t\u00eb Drejtat e F\u00ebmij\u00ebve dhe te Rinjve<\/p>\n<p>Rruga Brigada e VIII, Pall.LID, K.1,Z.1, Tiran\u00eb \u2013 Shqip\u00ebri<\/p>\n<p><strong><u>Email<\/u><\/strong>: <a href=\"mailto:info@observator.org.al\">info@observator.org.al<\/a><\/p>\n<p>&nbsp;<\/p>\n<p>Kjo thirrje do t\u00eb q\u00ebndroj\u00eb e hapur q\u00eb nga data e b\u00ebrjes publike (08.08.2022) e deri n\u00eb mbylljen e saj (12.08.2022). Vet\u00ebm personat e p\u00ebrzgjedhur do t\u00eb kontaktohen.<\/p>\n<p>&nbsp;<\/p>\n","protected":false},"excerpt":{"rendered":"<p>Tiran\u00eb, m\u00eb 8 gusht 2022 \u00a0 Thirrje p\u00ebr shprehje interesi \u00a0 \u201cObservatori p\u00ebr t\u00eb Drejtat e F\u00ebmij\u00ebve dhe t\u00eb Rinjve\u201d, n\u00eb kuad\u00ebr t\u00eb zbatimit t\u00eb projektit \u201cReaching the unreached!\u201d realizuar n\u00eb partneritet me UNICEF n\u00eb Shqip\u00ebri, \u00ebsht\u00eb i interesuar t\u00eb angazhoj\u00eb ekspert\u00eb, persona fizik, ose persona juridik. &nbsp; Titulli i pun\u00ebs: Ekspert\u00eb t\u00eb arsimit, pun\u00ebsimit, [&hellip;]<\/p>\n","protected":false},"author":6,"featured_media":0,"comment_status":"closed","ping_status":"closed","sticky":false,"template":"","format":"standard","meta":{"footnotes":""},"categories":[59],"tags":[],"class_list":["post-8738","post","type-post","status-publish","format-standard","hentry","category-tepergjithshme"],"_links":{"self":[{"href":"https:\/\/observator.org.al\/sq\/wp-json\/wp\/v2\/posts\/8738","targetHints":{"allow":["GET"]}}],"collection":[{"href":"https:\/\/observator.org.al\/sq\/wp-json\/wp\/v2\/posts"}],"about":[{"href":"https:\/\/observator.org.al\/sq\/wp-json\/wp\/v2\/types\/post"}],"author":[{"embeddable":true,"href":"https:\/\/observator.org.al\/sq\/wp-json\/wp\/v2\/users\/6"}],"replies":[{"embeddable":true,"href":"https:\/\/observator.org.al\/sq\/wp-json\/wp\/v2\/comments?post=8738"}],"version-history":[{"count":2,"href":"https:\/\/observator.org.al\/sq\/wp-json\/wp\/v2\/posts\/8738\/revisions"}],"predecessor-version":[{"id":8802,"href":"https:\/\/observator.org.al\/sq\/wp-json\/wp\/v2\/posts\/8738\/revisions\/8802"}],"wp:attachment":[{"href":"https:\/\/observator.org.al\/sq\/wp-json\/wp\/v2\/media?parent=8738"}],"wp:term":[{"taxonomy":"category","embeddable":true,"href":"https:\/\/observator.org.al\/sq\/wp-json\/wp\/v2\/categories?post=8738"},{"taxonomy":"post_tag","embeddable":true,"href":"https:\/\/observator.org.al\/sq\/wp-json\/wp\/v2\/tags?post=8738"}],"curies":[{"name":"wp","href":"https:\/\/api.w.org\/{rel}","templated":true}]}}