{"id":8610,"date":"2022-12-02T11:40:56","date_gmt":"2022-12-02T10:40:56","guid":{"rendered":"https:\/\/observator.org.al\/?p=8610"},"modified":"2022-12-02T11:40:56","modified_gmt":"2022-12-02T10:40:56","slug":"kerkese-per-oferte-2","status":"publish","type":"post","link":"https:\/\/observator.org.al\/sq\/kerkese-per-oferte-2\/","title":{"rendered":"K\u00ebrkes\u00eb P\u00ebr Ofert\u00eb"},"content":{"rendered":"<p style=\"text-align: right;\"><strong>Tiran\u00eb, m\u00eb 02 Dhjetor 2022<\/strong><\/p>\n<p><strong>\u201cObservatori p\u00ebr t\u00eb Drejtat e F\u00ebmij\u00ebve dhe t\u00eb Rinjve\u201d <\/strong>\u00ebsht\u00eb e interesuar q\u00eb t\u00eb pun\u00ebsoj <strong>Subjekt per Organizimin e Eventeve<\/strong> p\u00ebr zbatimin e Projektit me donator <strong>UNICEF Monitoring and Reporting on children rights for better policy option\u201d <em>.<\/em><\/strong><\/p>\n<p>&nbsp;<\/p>\n<p>Subjektet duhet t\u00eb sigurojn\u00eb nevojat e m\u00ebposhtme :<\/p>\n<ul>\n<li>Qera Salle (6 dite)<\/li>\n<li>Refreshment ( 322 persona)<\/li>\n<li>Pushim Kafeje (50 persona)<\/li>\n<li>Sherbim Transporti per femije ( 4 aktivitete )<\/li>\n<\/ul>\n<p>&nbsp;<\/p>\n<p>Subjektet e interesuara preferohet t\u00eb ken\u00eb eksperienca t\u00eb m\u00ebparshme angazhimi me Organizatat, Nderkombetare dhe Institucionet lokale dhe Qendrore, .<\/p>\n<p>Subjektet e interesuar jan\u00eb t\u00eb lutur q\u00eb t\u00eb d\u00ebrgojn\u00eb Oferten Financiare \u00a0brenda dt. <strong>02.12.2022<\/strong> \u00a0n\u00eb adres\u00ebn:<\/p>\n<p>&nbsp;<\/p>\n<p>Observatori p\u00ebr t\u00eb Drejtat e F\u00ebmij\u00ebve dhe T\u00eb Rinjve<\/p>\n<p>Rruga \u201cBrigada e VIII\u201d, Pall LID\u201d<\/p>\n<p>Kt 1, Z. 1 Tirane \u2013 Albania<\/p>\n<p>E-mail: <a href=\"mailto:info@observator.org.al\">info@observator.org.al<\/a><\/p>\n<p>Web: <a href=\"http:\/\/www.observator.org.al\">www.observator.org.al<\/a><\/p>\n<p>&nbsp;<\/p>\n<p>Ky ripostim thirrjeje do t\u00eb q\u00ebndroj\u00eb e hapur q\u00eb nga data e b\u00ebrjes publike (<strong>02 Dhjetor 2022<\/strong>) e deri n\u00eb mbylljen e saj (<strong>13 Dhjetor 2022 <\/strong>).\u00a0 Vet\u00ebm subjektet e p\u00ebrzgjedhur do t\u00eb kontaktohen.<\/p>\n","protected":false},"excerpt":{"rendered":"<p>Tiran\u00eb, m\u00eb 02 Dhjetor 2022 \u201cObservatori p\u00ebr t\u00eb Drejtat e F\u00ebmij\u00ebve dhe t\u00eb Rinjve\u201d \u00ebsht\u00eb e interesuar q\u00eb t\u00eb pun\u00ebsoj Subjekt per Organizimin e Eventeve p\u00ebr zbatimin e Projektit me donator UNICEF Monitoring and Reporting on children rights for better policy option\u201d . &nbsp; Subjektet duhet t\u00eb sigurojn\u00eb nevojat e m\u00ebposhtme : Qera Salle (6 [&hellip;]<\/p>\n","protected":false},"author":6,"featured_media":0,"comment_status":"closed","ping_status":"closed","sticky":false,"template":"","format":"standard","meta":{"footnotes":""},"categories":[47,32,59,55],"tags":[],"class_list":["post-8610","post","type-post","status-publish","format-standard","hentry","category-durresi","category-lajme","category-tepergjithshme","category-tirana"],"_links":{"self":[{"href":"https:\/\/observator.org.al\/sq\/wp-json\/wp\/v2\/posts\/8610","targetHints":{"allow":["GET"]}}],"collection":[{"href":"https:\/\/observator.org.al\/sq\/wp-json\/wp\/v2\/posts"}],"about":[{"href":"https:\/\/observator.org.al\/sq\/wp-json\/wp\/v2\/types\/post"}],"author":[{"embeddable":true,"href":"https:\/\/observator.org.al\/sq\/wp-json\/wp\/v2\/users\/6"}],"replies":[{"embeddable":true,"href":"https:\/\/observator.org.al\/sq\/wp-json\/wp\/v2\/comments?post=8610"}],"version-history":[{"count":2,"href":"https:\/\/observator.org.al\/sq\/wp-json\/wp\/v2\/posts\/8610\/revisions"}],"predecessor-version":[{"id":8612,"href":"https:\/\/observator.org.al\/sq\/wp-json\/wp\/v2\/posts\/8610\/revisions\/8612"}],"wp:attachment":[{"href":"https:\/\/observator.org.al\/sq\/wp-json\/wp\/v2\/media?parent=8610"}],"wp:term":[{"taxonomy":"category","embeddable":true,"href":"https:\/\/observator.org.al\/sq\/wp-json\/wp\/v2\/categories?post=8610"},{"taxonomy":"post_tag","embeddable":true,"href":"https:\/\/observator.org.al\/sq\/wp-json\/wp\/v2\/tags?post=8610"}],"curies":[{"name":"wp","href":"https:\/\/api.w.org\/{rel}","templated":true}]}}