{"id":8483,"date":"2022-09-13T14:19:57","date_gmt":"2022-09-13T12:19:57","guid":{"rendered":"https:\/\/observator.org.al\/?p=8483"},"modified":"2022-09-13T14:27:59","modified_gmt":"2022-09-13T12:27:59","slug":"thirrje-per-shprehje-interesi-ekspert-per-te-pergatitur-treguesit-mbi-deprivimin","status":"publish","type":"post","link":"https:\/\/observator.org.al\/sq\/thirrje-per-shprehje-interesi-ekspert-per-te-pergatitur-treguesit-mbi-deprivimin\/","title":{"rendered":"THIRRJE P\u00cbR SHPREHJE INTERESI- EKSPERT P\u00cbR T\u00cb P\u00cbRGATITUR TREGUESIT MBI DEPRIVIMIN"},"content":{"rendered":"<p style=\"text-align: right;\"><strong>Tiran\u00eb, m\u00eb 13 Shtator 2022<\/strong><\/p>\n<p><strong>\u00a0<\/strong><\/p>\n<p style=\"text-align: center;\"><strong>Thirrje p\u00ebr shprehje interesi- Ekspert p\u00ebr t\u00eb p\u00ebrgatitur treguesit mbi deprivimin<\/strong><\/p>\n<p><strong>\u00a0<\/strong><\/p>\n<p><strong>\u201cObservatori p\u00ebr t\u00eb Drejtat e F\u00ebmij\u00ebve dhe t\u00eb Rinjve\u201d, <\/strong>n\u00eb kuad\u00ebr t\u00eb zbatimit t\u00eb projektit \u201cMonitoring and reporting on children rights for better policy options\u201d t\u00eb zbatuar n\u00eb partneritet me UNICEF n\u00eb Shqip\u00ebri \u00ebsht\u00eb i interesuar t\u00eb p\u00ebrfitoj\u00eb sh\u00ebrbim p\u00ebr 1 ekspertiz\u00eb nga individ\u00eb, persona fizik ose juridik.<\/p>\n<p>&nbsp;<\/p>\n<p><strong><u>Titulli i pun<\/u><\/strong><strong>\u00ebs<\/strong>:<\/p>\n<ol>\n<li>Ekspert p\u00ebr t\u00eb p\u00ebrgatitur treguesit mbi deprivimin e f\u00ebmij\u00ebve- 20 dit\u00eb pune<\/li>\n<\/ol>\n<p>&nbsp;<\/p>\n<p><strong>Koh\u00ebzgjatja e angazhimit<\/strong> 21 shtator \u2013 4 n\u00ebntor 2022<\/p>\n<p>T\u00eb interesuarit duhet t\u00eb jen\u00eb t\u00eb pajisur me diplom\u00eb master dhe t\u00eb ken\u00eb t\u00eb pakt\u00ebn 7 vite eksperienc\u00eb pune n\u00eb fush\u00ebn p\u00ebr t\u00eb cil\u00ebn aplikojn\u00eb, ose me diplom\u00eb bachelor dhe t\u00eb ken\u00eb t\u00eb pakt\u00ebn 9 vite eksperienc\u00eb pune.<\/p>\n<p>&nbsp;<\/p>\n<p>Individ\u00ebt, personat fizik dhe\/ose juridik t\u00eb interesuar jan\u00eb t\u00eb lutur an\u00eb t\u00eb lutur q\u00eb t\u00eb shprehin interesin duke d\u00ebrguar bashk\u00ebngjitur nj\u00eb CV deri me date deri me dat\u00eb <strong>19.09.2022<\/strong> (fizikisht ose me email):<\/p>\n<p>Adresa: Observatori p\u00ebr t\u00eb Drejtat e F\u00ebmij\u00ebve dhe te Rinj\u00ebve,<\/p>\n<p>Rruga Brigada e VIII, Pall.LID, K.1,Z.1, Tirane \u2013 Shqip\u00ebri<\/p>\n<p><strong><u>Email<\/u><\/strong>: <a href=\"mailto:info@observator.org.al\">info@observator.org.al<\/a><\/p>\n<p>&nbsp;<\/p>\n<p>Kjo thirrje do t\u00eb q\u00ebndroj\u00eb e hapur q\u00eb nga data e b\u00ebrjes publike (13.09.2022) e deri n\u00eb mbylljen e saj (19.09.2022).\u00a0 Vet\u00ebm personat e p\u00ebrzgjedhur do t\u00eb kontaktohen.<\/p>\n","protected":false},"excerpt":{"rendered":"<p>Tiran\u00eb, m\u00eb 13 Shtator 2022 \u00a0 Thirrje p\u00ebr shprehje interesi- Ekspert p\u00ebr t\u00eb p\u00ebrgatitur treguesit mbi deprivimin \u00a0 \u201cObservatori p\u00ebr t\u00eb Drejtat e F\u00ebmij\u00ebve dhe t\u00eb Rinjve\u201d, n\u00eb kuad\u00ebr t\u00eb zbatimit t\u00eb projektit \u201cMonitoring and reporting on children rights for better policy options\u201d t\u00eb zbatuar n\u00eb partneritet me UNICEF n\u00eb Shqip\u00ebri \u00ebsht\u00eb i interesuar t\u00eb [&hellip;]<\/p>\n","protected":false},"author":6,"featured_media":0,"comment_status":"closed","ping_status":"closed","sticky":false,"template":"","format":"standard","meta":{"footnotes":""},"categories":[32,59,55],"tags":[],"class_list":["post-8483","post","type-post","status-publish","format-standard","hentry","category-lajme","category-tepergjithshme","category-tirana"],"_links":{"self":[{"href":"https:\/\/observator.org.al\/sq\/wp-json\/wp\/v2\/posts\/8483","targetHints":{"allow":["GET"]}}],"collection":[{"href":"https:\/\/observator.org.al\/sq\/wp-json\/wp\/v2\/posts"}],"about":[{"href":"https:\/\/observator.org.al\/sq\/wp-json\/wp\/v2\/types\/post"}],"author":[{"embeddable":true,"href":"https:\/\/observator.org.al\/sq\/wp-json\/wp\/v2\/users\/6"}],"replies":[{"embeddable":true,"href":"https:\/\/observator.org.al\/sq\/wp-json\/wp\/v2\/comments?post=8483"}],"version-history":[{"count":3,"href":"https:\/\/observator.org.al\/sq\/wp-json\/wp\/v2\/posts\/8483\/revisions"}],"predecessor-version":[{"id":8490,"href":"https:\/\/observator.org.al\/sq\/wp-json\/wp\/v2\/posts\/8483\/revisions\/8490"}],"wp:attachment":[{"href":"https:\/\/observator.org.al\/sq\/wp-json\/wp\/v2\/media?parent=8483"}],"wp:term":[{"taxonomy":"category","embeddable":true,"href":"https:\/\/observator.org.al\/sq\/wp-json\/wp\/v2\/categories?post=8483"},{"taxonomy":"post_tag","embeddable":true,"href":"https:\/\/observator.org.al\/sq\/wp-json\/wp\/v2\/tags?post=8483"}],"curies":[{"name":"wp","href":"https:\/\/api.w.org\/{rel}","templated":true}]}}