{"id":8473,"date":"2022-09-07T10:05:47","date_gmt":"2022-09-07T08:05:47","guid":{"rendered":"https:\/\/observator.org.al\/?p=8473"},"modified":"2022-09-13T14:27:34","modified_gmt":"2022-09-13T12:27:34","slug":"thirrje-per-shprehje-interesi-ekspert","status":"publish","type":"post","link":"https:\/\/observator.org.al\/sq\/thirrje-per-shprehje-interesi-ekspert\/","title":{"rendered":"THIRRJE P\u00cbR SHPREHJE INTERESI- EKSPERT"},"content":{"rendered":"<p style=\"text-align: right;\"><strong>Tiran\u00eb, m\u00eb 7 Shtator 2022<\/strong><\/p>\n<p><strong>\u00a0<\/strong><\/p>\n<p style=\"text-align: center;\"><strong>Thirrje p\u00ebr shprehje interesi<\/strong><\/p>\n<p><strong>\u00a0<\/strong><\/p>\n<p><strong>\u201cObservatori p\u00ebr t\u00eb Drejtat e F\u00ebmij\u00ebve dhe t\u00eb Rinjve\u201d, <\/strong>n\u00eb kuad\u00ebr t\u00eb zbatimit t\u00eb projektit &#8220;U-report- I am young and my voice matters&#8221; t\u00eb zbatuar n\u00eb partneritet me UNICEF n\u00eb Shqip\u00ebri, \u00ebsht\u00eb i interesuar t\u00eb angazhoj\u00eb 1 ekspert, person fizik, ose person juridik.<\/p>\n<p>&nbsp;<\/p>\n<p><strong><u>Tituli i pun\u00ebs<\/u><\/strong>: Ekspert p\u00ebr t\u00eb analizuar gjetjet nga sondazhet dhe p\u00ebr t\u00eb p\u00ebrgatitur nj\u00eb p\u00ebrmbledhje politikash- 34 dit\u00eb pune<\/p>\n<p><strong>Koh\u00ebzgjatja e angazhimit<\/strong>: 19 shtator 2022 \u2013 10 maj 2023<\/p>\n<p>&nbsp;<\/p>\n<p>T\u00eb interesuarit duhet t\u00eb jen\u00eb t\u00eb pajisur me diplom\u00eb master dhe t\u00eb ken\u00eb t\u00eb pakt\u00ebn 5 vite eksperienc\u00eb pune n\u00eb fush\u00ebn p\u00ebr t\u00eb cil\u00ebn aplikojn\u00eb, ose me diplom\u00eb bachelor dhe t\u00eb ken\u00eb t\u00eb pakt\u00ebn 7 vite eksperienc\u00eb pune.<\/p>\n<p>&nbsp;<\/p>\n<p>Individ\u00ebt, personat fizik dhe\/ose juridik t\u00eb interesuar jan\u00eb t\u00eb lutur an\u00eb t\u00eb lutur q\u00eb t\u00eb shprehin interesin duke d\u00ebrguar bashk\u00ebngjitur nj\u00eb CV deri me dat\u00eb <strong>13.09.2022<\/strong> (fizikisht ose me email):<\/p>\n<p>Adresa: Observatori p\u00ebr t\u00eb Drejtat e F\u00ebmij\u00ebve dhe te Rinj\u00ebve,<\/p>\n<p>Rruga.Brigada e VIII, Pall.LID, K.1,Z.1, Tirane \u2013 Shqip\u00ebri<\/p>\n<p><strong><u>Email<\/u><\/strong>: <a href=\"mailto:info@observator.org.al\">info@observator.org.al<\/a><\/p>\n<p>&nbsp;<\/p>\n<p>Kjo thirrje do t\u00eb q\u00ebndroj\u00eb e hapur q\u00eb nga data e b\u00ebrjes publike (07.09.2022) e deri n\u00eb mbylljen e saj (13.09.2022).\u00a0 Vet\u00ebm personat e p\u00ebrzgjedhur do t\u00eb kontaktohen.<\/p>\n","protected":false},"excerpt":{"rendered":"<p>Tiran\u00eb, m\u00eb 7 Shtator 2022 \u00a0 Thirrje p\u00ebr shprehje interesi \u00a0 \u201cObservatori p\u00ebr t\u00eb Drejtat e F\u00ebmij\u00ebve dhe t\u00eb Rinjve\u201d, n\u00eb kuad\u00ebr t\u00eb zbatimit t\u00eb projektit &#8220;U-report- I am young and my voice matters&#8221; t\u00eb zbatuar n\u00eb partneritet me UNICEF n\u00eb Shqip\u00ebri, \u00ebsht\u00eb i interesuar t\u00eb angazhoj\u00eb 1 ekspert, person fizik, ose person juridik. &nbsp; [&hellip;]<\/p>\n","protected":false},"author":6,"featured_media":0,"comment_status":"closed","ping_status":"closed","sticky":false,"template":"","format":"standard","meta":{"footnotes":""},"categories":[32,59,55],"tags":[],"class_list":["post-8473","post","type-post","status-publish","format-standard","hentry","category-lajme","category-tepergjithshme","category-tirana"],"_links":{"self":[{"href":"https:\/\/observator.org.al\/sq\/wp-json\/wp\/v2\/posts\/8473","targetHints":{"allow":["GET"]}}],"collection":[{"href":"https:\/\/observator.org.al\/sq\/wp-json\/wp\/v2\/posts"}],"about":[{"href":"https:\/\/observator.org.al\/sq\/wp-json\/wp\/v2\/types\/post"}],"author":[{"embeddable":true,"href":"https:\/\/observator.org.al\/sq\/wp-json\/wp\/v2\/users\/6"}],"replies":[{"embeddable":true,"href":"https:\/\/observator.org.al\/sq\/wp-json\/wp\/v2\/comments?post=8473"}],"version-history":[{"count":3,"href":"https:\/\/observator.org.al\/sq\/wp-json\/wp\/v2\/posts\/8473\/revisions"}],"predecessor-version":[{"id":8720,"href":"https:\/\/observator.org.al\/sq\/wp-json\/wp\/v2\/posts\/8473\/revisions\/8720"}],"wp:attachment":[{"href":"https:\/\/observator.org.al\/sq\/wp-json\/wp\/v2\/media?parent=8473"}],"wp:term":[{"taxonomy":"category","embeddable":true,"href":"https:\/\/observator.org.al\/sq\/wp-json\/wp\/v2\/categories?post=8473"},{"taxonomy":"post_tag","embeddable":true,"href":"https:\/\/observator.org.al\/sq\/wp-json\/wp\/v2\/tags?post=8473"}],"curies":[{"name":"wp","href":"https:\/\/api.w.org\/{rel}","templated":true}]}}