{"id":8469,"date":"2022-09-02T15:50:07","date_gmt":"2022-09-02T13:50:07","guid":{"rendered":"https:\/\/observator.org.al\/?p=8469"},"modified":"2022-09-02T15:50:07","modified_gmt":"2022-09-02T13:50:07","slug":"njoftim-punesimi-akelius-project-assistant","status":"publish","type":"post","link":"https:\/\/observator.org.al\/sq\/njoftim-punesimi-akelius-project-assistant\/","title":{"rendered":"Njoftim pun\u00ebsimi- Akelius Project Assistant"},"content":{"rendered":"<p style=\"text-align: right;\"><strong>Tiran\u00eb, m\u00eb 02 Shtator 2022<\/strong><\/p>\n<p style=\"text-align: center;\"><strong>Njoftim pun\u00ebsimi<\/strong><\/p>\n<p><strong>\u201cObservatori p\u00ebr t\u00eb Drejtat e F\u00ebmij\u00ebve dhe t\u00eb Rinjve\u201d <\/strong>\u00ebsht\u00eb e interesuar q\u00eb t\u00eb pun\u00ebsoj <strong>Project Assistant<\/strong> p\u00ebr zbatimin e Projektit me donator <strong>UNICEF \u201c Reaching the ureached\u201d <em>.<\/em><\/strong><\/p>\n<p>&nbsp;<\/p>\n<p>Personi\/at duhet t\u00eb plotesojne kriteret e m\u00ebposhtme :<\/p>\n<ul>\n<li>T\u00eb jen\u00eb t\u00eb pajisur me diplom\u00eb n\u00eb deg\u00ebn: Gjuh\u00eb e huaj (anglisht), Informatik\u00eb, Shkenca kompjuterike ose n\u00eb fusha t\u00eb ngjashme;<\/li>\n<li>T\u00eb ken\u00eb t\u00eb pakt\u00ebn 7 vite\u00a0 eksperienc\u00eb pune n\u00eb m\u00ebsimdh\u00ebnie dhe pun\u00eb me f\u00ebmij\u00ebt;<\/li>\n<li>T\u00eb njohin dhe p\u00ebrdorin: Platform\u00ebn Akelius, nj\u00eb platform\u00eb digjitale p\u00ebr m\u00ebsimdh\u00ebnien dhe t\u00eb nx\u00ebnit e gjuh\u00ebve t\u00eb huaja;<\/li>\n<li>T\u00eb jen\u00eb t\u00eb njohur me metodat e studimeve t\u00eb kombinuara brenda klas\u00ebs (blended learning);<\/li>\n<li>T\u00eb interesuarit me diplom\u00eb master apo nivele me t\u00eb larta kualifikuese do t\u00eb ken\u00eb prioriret.<\/li>\n<\/ul>\n<p>&nbsp;<\/p>\n<p>Personat e interesuar preferohet t\u00eb ken\u00eb eksperienca t\u00eb m\u00ebparshme angazhimi me Organizatat, Nderkombetare dhe Institucionet lokale dhe Qendrore, .<\/p>\n<p>Personat e interesuar jan\u00eb t\u00eb lutur q\u00eb t\u00eb d\u00ebrgojn\u00eb CV e tyre brenda dt. <strong>15.09.2022<\/strong> \u00a0n\u00eb adres\u00ebn:<\/p>\n<p>&nbsp;<\/p>\n<p>Observatori p\u00ebr t\u00eb Drejtat e F\u00ebmij\u00ebve dhe T\u00eb Rinjve<\/p>\n<p>Rruga \u201cBrigada e VIII\u201d, Pall LID\u201d<\/p>\n<p>Kt 1, Z. 1 Tirane \u2013 Albania<\/p>\n<p>E-mail: <a href=\"mailto:info@observator.org.al\">info@observator.org.al<\/a><\/p>\n<p>Web: <a href=\"http:\/\/www.observator.org.al\">www.observator.org.al<\/a><\/p>\n<p>&nbsp;<\/p>\n<p>Kjo thirrje do t\u00eb q\u00ebndroj\u00eb e hapur q\u00eb nga data e b\u00ebrjes publike (<strong>02 Shtator 2022<\/strong>) e deri n\u00eb mbylljen e saj (<strong>15 Shtator 2022<\/strong>).\u00a0 Vet\u00ebm personat e p\u00ebrzgjedhur do t\u00eb kontaktohen.<\/p>\n","protected":false},"excerpt":{"rendered":"<p>Tiran\u00eb, m\u00eb 02 Shtator 2022 Njoftim pun\u00ebsimi \u201cObservatori p\u00ebr t\u00eb Drejtat e F\u00ebmij\u00ebve dhe t\u00eb Rinjve\u201d \u00ebsht\u00eb e interesuar q\u00eb t\u00eb pun\u00ebsoj Project Assistant p\u00ebr zbatimin e Projektit me donator UNICEF \u201c Reaching the ureached\u201d . &nbsp; Personi\/at duhet t\u00eb plotesojne kriteret e m\u00ebposhtme : T\u00eb jen\u00eb t\u00eb pajisur me diplom\u00eb n\u00eb deg\u00ebn: Gjuh\u00eb e [&hellip;]<\/p>\n","protected":false},"author":6,"featured_media":0,"comment_status":"closed","ping_status":"closed","sticky":false,"template":"","format":"standard","meta":{"footnotes":""},"categories":[32,59,55],"tags":[],"class_list":["post-8469","post","type-post","status-publish","format-standard","hentry","category-lajme","category-tepergjithshme","category-tirana"],"_links":{"self":[{"href":"https:\/\/observator.org.al\/sq\/wp-json\/wp\/v2\/posts\/8469","targetHints":{"allow":["GET"]}}],"collection":[{"href":"https:\/\/observator.org.al\/sq\/wp-json\/wp\/v2\/posts"}],"about":[{"href":"https:\/\/observator.org.al\/sq\/wp-json\/wp\/v2\/types\/post"}],"author":[{"embeddable":true,"href":"https:\/\/observator.org.al\/sq\/wp-json\/wp\/v2\/users\/6"}],"replies":[{"embeddable":true,"href":"https:\/\/observator.org.al\/sq\/wp-json\/wp\/v2\/comments?post=8469"}],"version-history":[{"count":2,"href":"https:\/\/observator.org.al\/sq\/wp-json\/wp\/v2\/posts\/8469\/revisions"}],"predecessor-version":[{"id":8471,"href":"https:\/\/observator.org.al\/sq\/wp-json\/wp\/v2\/posts\/8469\/revisions\/8471"}],"wp:attachment":[{"href":"https:\/\/observator.org.al\/sq\/wp-json\/wp\/v2\/media?parent=8469"}],"wp:term":[{"taxonomy":"category","embeddable":true,"href":"https:\/\/observator.org.al\/sq\/wp-json\/wp\/v2\/categories?post=8469"},{"taxonomy":"post_tag","embeddable":true,"href":"https:\/\/observator.org.al\/sq\/wp-json\/wp\/v2\/tags?post=8469"}],"curies":[{"name":"wp","href":"https:\/\/api.w.org\/{rel}","templated":true}]}}