{"id":7525,"date":"2022-06-23T10:12:42","date_gmt":"2022-06-23T08:12:42","guid":{"rendered":"https:\/\/observator.org.al\/?p=7525"},"modified":"2022-06-23T10:12:42","modified_gmt":"2022-06-23T08:12:42","slug":"thirrje-per-shprehje-interesi-ekspert-per-planifikimin-dhe-dizenjimin-e-fushates-se-sms-ve","status":"publish","type":"post","link":"https:\/\/observator.org.al\/sq\/thirrje-per-shprehje-interesi-ekspert-per-planifikimin-dhe-dizenjimin-e-fushates-se-sms-ve\/","title":{"rendered":"THIRRJE P\u00cbR SHPREHJE INTERESI- Ekspert p\u00ebr planifikimin dhe dizenjimin e fushat\u00ebs s\u00eb SMS-ve"},"content":{"rendered":"<p style=\"text-align: right;\">Tiran\u00eb, m\u00eb 23 Qershor 2022<\/p>\n<p style=\"text-align: center;\">THIRRJE P\u00cbR SHPREHJE INTERESI<\/p>\n<p>\u201cObservatori p\u00ebr t\u00eb Drejtat e F\u00ebmij\u00ebve dhe t\u00eb Rinjve\u201d, n\u00eb kuad\u00ebr t\u00eb zbatimit t\u00eb projektit &#8220;U-report- I am young and my voice matters&#8221; t\u00eb zbatuar n\u00eb partneritet me UNICEF n\u00eb Shqip\u00ebri, \u00ebsht\u00eb i interesuar t\u00eb angazhoj\u00eb 1 ekspert, person fizik, ose person juridik.<br \/>\nTituli i pun\u00ebs:<br \/>\nEkspert p\u00ebr planifikimin dhe dizenjimin e fushat\u00ebs s\u00eb SMS-ve- 15 dit\u00eb pune<\/p>\n<p>Koh\u00ebzgjatja e angazhimit: 8 korrik 2022 \u2013 31 mars 2023<\/p>\n<p>T\u00eb interesuarit duhet t\u00eb jen\u00eb t\u00eb pajisur me diplom\u00eb master dhe t\u00eb ken\u00eb t\u00eb pakt\u00ebn 5 vite eksperienc\u00eb pune n\u00eb fush\u00ebn p\u00ebr t\u00eb cil\u00ebn aplikojn\u00eb, ose me diplom\u00eb bachelor dhe t\u00eb ken\u00eb t\u00eb pakt\u00ebn 7 vite eksperienc\u00eb pune.<\/p>\n<p>Individ\u00ebt, personat fizik dhe\/ose juridik t\u00eb interesuar jan\u00eb t\u00eb lutur an\u00eb t\u00eb lutur q\u00eb t\u00eb shprehin interesin duke d\u00ebrguar bashk\u00ebngjitur nj\u00eb CV deri me dat\u00eb 30.06.2022 (fizikisht ose me email):<br \/>\nAdresa: Observatori p\u00ebr t\u00eb Drejtat e F\u00ebmij\u00ebve dhe te Rinj\u00ebve,<br \/>\nRruga.Bridaga e VIII, Pall.LID, K.1,Z.1, Tirane \u2013 Shqip\u00ebri<br \/>\nEmail: info@observator.org.al<\/p>\n<p>Kjo thirrje do t\u00eb q\u00ebndroj\u00eb e hapur q\u00eb nga data e b\u00ebrjes publike (23.06.2022) e deri n\u00eb mbylljen e saj (30.06.2022). Vet\u00ebm personat e p\u00ebrzgjedhur do t\u00eb kontaktohen.<\/p>\n","protected":false},"excerpt":{"rendered":"<p>Tiran\u00eb, m\u00eb 23 Qershor 2022 THIRRJE P\u00cbR SHPREHJE INTERESI \u201cObservatori p\u00ebr t\u00eb Drejtat e F\u00ebmij\u00ebve dhe t\u00eb Rinjve\u201d, n\u00eb kuad\u00ebr t\u00eb zbatimit t\u00eb projektit &#8220;U-report- I am young and my voice matters&#8221; t\u00eb zbatuar n\u00eb partneritet me UNICEF n\u00eb Shqip\u00ebri, \u00ebsht\u00eb i interesuar t\u00eb angazhoj\u00eb 1 ekspert, person fizik, ose person juridik. Tituli i pun\u00ebs: [&hellip;]<\/p>\n","protected":false},"author":6,"featured_media":0,"comment_status":"closed","ping_status":"closed","sticky":false,"template":"","format":"standard","meta":{"footnotes":""},"categories":[58,32,55],"tags":[],"class_list":["post-7525","post","type-post","status-publish","format-standard","hentry","category-general","category-lajme","category-tirana"],"_links":{"self":[{"href":"https:\/\/observator.org.al\/sq\/wp-json\/wp\/v2\/posts\/7525","targetHints":{"allow":["GET"]}}],"collection":[{"href":"https:\/\/observator.org.al\/sq\/wp-json\/wp\/v2\/posts"}],"about":[{"href":"https:\/\/observator.org.al\/sq\/wp-json\/wp\/v2\/types\/post"}],"author":[{"embeddable":true,"href":"https:\/\/observator.org.al\/sq\/wp-json\/wp\/v2\/users\/6"}],"replies":[{"embeddable":true,"href":"https:\/\/observator.org.al\/sq\/wp-json\/wp\/v2\/comments?post=7525"}],"version-history":[{"count":2,"href":"https:\/\/observator.org.al\/sq\/wp-json\/wp\/v2\/posts\/7525\/revisions"}],"predecessor-version":[{"id":7527,"href":"https:\/\/observator.org.al\/sq\/wp-json\/wp\/v2\/posts\/7525\/revisions\/7527"}],"wp:attachment":[{"href":"https:\/\/observator.org.al\/sq\/wp-json\/wp\/v2\/media?parent=7525"}],"wp:term":[{"taxonomy":"category","embeddable":true,"href":"https:\/\/observator.org.al\/sq\/wp-json\/wp\/v2\/categories?post=7525"},{"taxonomy":"post_tag","embeddable":true,"href":"https:\/\/observator.org.al\/sq\/wp-json\/wp\/v2\/tags?post=7525"}],"curies":[{"name":"wp","href":"https:\/\/api.w.org\/{rel}","templated":true}]}}