{"id":7448,"date":"2022-05-20T13:46:11","date_gmt":"2022-05-20T11:46:11","guid":{"rendered":"https:\/\/observator.org.al\/?p=7448"},"modified":"2022-05-20T13:51:29","modified_gmt":"2022-05-20T11:51:29","slug":"thirrje-per-shprehje-interesi-2","status":"publish","type":"post","link":"https:\/\/observator.org.al\/sq\/thirrje-per-shprehje-interesi-2\/","title":{"rendered":"Thirrje p\u00ebr shprehje interesi"},"content":{"rendered":"<p><strong>Tiran\u00eb, m\u00eb 20 Maj 2022<\/strong><\/p>\n<p>&nbsp;<\/p>\n<p><strong>\u201cObservatori p\u00ebr t\u00eb Drejtat e F\u00ebmij\u00ebve dhe t\u00eb Rinj\u00ebve\u201d <\/strong>\u00ebsht\u00eb i interesuar t\u00eb pun\u00ebsoj\u00eb 1 ekspert, person fizik, ose person juridik \u201c<strong><em>P\u00ebr p\u00ebrgatitjen e nj\u00eb factsheet me t\u00eb dh\u00ebna statistikore mbi tregues p\u00ebr f\u00ebmij\u00ebt n\u00eb Bashkin\u00eb Kor\u00e7\u00eb<\/em><\/strong>\u201d n\u00eb kuad\u00ebr t\u00eb zbatimit t\u00eb projektit \u201cMonitoring and reporting on children rights for better policy options\u201d t\u00eb zbatuar n\u00eb partneritet me UNICEF n\u00eb Shqip\u00ebri.<\/p>\n<p><strong><u>Detyrat e pun\u00ebs<\/u><\/strong>:<\/p>\n<ol>\n<li>P\u00ebrdit\u00ebsimi i list\u00ebs s\u00eb hartuar t\u00eb treguesve t\u00eb mbledhur n\u00eb bashkin\u00eb Kor\u00e7\u00eb dhe hartimi i list\u00ebs finale;<\/li>\n<li>P\u00ebrdit\u00ebsimi i instrumentave p\u00ebr mbledhjen e t\u00eb dh\u00ebnave nga secili institucion p\u00ebrgjegj\u00ebs mbi treguesit n\u00eb Bashkin\u00eb Kor\u00e7\u00eb;<\/li>\n<li>Procesimi i t\u00eb dh\u00ebnave t\u00eb mbledhura dhe p\u00ebrgatija e factsheet<\/li>\n<\/ol>\n<p><strong>Koh\u00ebzgjatja e angazhimit<\/strong>: 13 qershor \u2013 22 korrik 2022<\/p>\n<p><strong>T\u00eb interesuarit duhet t\u00eb plot\u00ebsojn\u00eb kriteret e m\u00ebposhtme<\/strong>:<\/p>\n<ol>\n<li>T\u00eb jen\u00eb t\u00eb pajisur me diplom\u00eb n\u00eb deg\u00ebn: Statistik\u00eb, Komunikim, Shkenca Sociale, Informatik\u00eb, Ekonomi, ose n\u00eb fusha t\u00eb ngjashme;<\/li>\n<li>T\u00eb ken\u00eb t\u00eb pakt\u00ebn 7 vite eksperienc\u00eb pune n\u00eb detyra t\u00eb ngjashme;<\/li>\n<li>T\u00eb interesuarit me diplom\u00eb master apo m\u00eb lart do t\u00eb ken\u00eb prioriret.<\/li>\n<\/ol>\n<p>Individ\u00ebt, personat fizik dhe\/ose juridik t\u00eb interesuar jan\u00eb t\u00eb lutur q\u00eb t\u00eb shprehin interesin duke d\u00ebrguar bashk\u00ebngjitur dhe nj\u00eb CV deri me dat\u00eb <strong>03.06.2022<\/strong>\u00a0(fizikisht ose me email):<\/p>\n<p>Adresa: Observatori p\u00ebr t\u00eb Drejtat e F\u00ebmij\u00ebve dhe te Rinj\u00ebve,<\/p>\n<p>Rruga.Bridaga e VIII, Pall.LID, K.1,Z.1, Tirane \u2013 Shqip\u00ebri<\/p>\n<p><strong><u>Email<\/u><\/strong>: <a href=\"mailto:info@observator.org.al\">info@observator.org.al<\/a><\/p>\n<p>Kjo thirrje do t\u00eb q\u00ebndroj\u00eb e hapur q\u00eb nga data e b\u00ebrjes publike (20.05.2022) e deri n\u00eb mbylljen e saj (03.06.2022).\u00a0 Vet\u00ebm personat e p\u00ebrzgjedhur do t\u00eb kontaktohen.<\/p>\n","protected":false},"excerpt":{"rendered":"<p>Tiran\u00eb, m\u00eb 20 Maj 2022 &nbsp; \u201cObservatori p\u00ebr t\u00eb Drejtat e F\u00ebmij\u00ebve dhe t\u00eb Rinj\u00ebve\u201d \u00ebsht\u00eb i interesuar t\u00eb pun\u00ebsoj\u00eb 1 ekspert, person fizik, ose person juridik \u201cP\u00ebr p\u00ebrgatitjen e nj\u00eb factsheet me t\u00eb dh\u00ebna statistikore mbi tregues p\u00ebr f\u00ebmij\u00ebt n\u00eb Bashkin\u00eb Kor\u00e7\u00eb\u201d n\u00eb kuad\u00ebr t\u00eb zbatimit t\u00eb projektit \u201cMonitoring and reporting on children rights [&hellip;]<\/p>\n","protected":false},"author":6,"featured_media":0,"comment_status":"closed","ping_status":"closed","sticky":false,"template":"","format":"standard","meta":{"footnotes":""},"categories":[32,59,55],"tags":[],"class_list":["post-7448","post","type-post","status-publish","format-standard","hentry","category-lajme","category-tepergjithshme","category-tirana"],"_links":{"self":[{"href":"https:\/\/observator.org.al\/sq\/wp-json\/wp\/v2\/posts\/7448","targetHints":{"allow":["GET"]}}],"collection":[{"href":"https:\/\/observator.org.al\/sq\/wp-json\/wp\/v2\/posts"}],"about":[{"href":"https:\/\/observator.org.al\/sq\/wp-json\/wp\/v2\/types\/post"}],"author":[{"embeddable":true,"href":"https:\/\/observator.org.al\/sq\/wp-json\/wp\/v2\/users\/6"}],"replies":[{"embeddable":true,"href":"https:\/\/observator.org.al\/sq\/wp-json\/wp\/v2\/comments?post=7448"}],"version-history":[{"count":3,"href":"https:\/\/observator.org.al\/sq\/wp-json\/wp\/v2\/posts\/7448\/revisions"}],"predecessor-version":[{"id":7460,"href":"https:\/\/observator.org.al\/sq\/wp-json\/wp\/v2\/posts\/7448\/revisions\/7460"}],"wp:attachment":[{"href":"https:\/\/observator.org.al\/sq\/wp-json\/wp\/v2\/media?parent=7448"}],"wp:term":[{"taxonomy":"category","embeddable":true,"href":"https:\/\/observator.org.al\/sq\/wp-json\/wp\/v2\/categories?post=7448"},{"taxonomy":"post_tag","embeddable":true,"href":"https:\/\/observator.org.al\/sq\/wp-json\/wp\/v2\/tags?post=7448"}],"curies":[{"name":"wp","href":"https:\/\/api.w.org\/{rel}","templated":true}]}}