{"id":5532,"date":"2017-06-27T10:20:45","date_gmt":"2017-06-27T08:20:45","guid":{"rendered":"http:\/\/observator.org.al\/sq\/?p=5532"},"modified":"2017-06-27T10:20:45","modified_gmt":"2017-06-27T08:20:45","slug":"regjistrimi-i-nxenesve-ne-klasen-e-pare","status":"publish","type":"post","link":"https:\/\/observator.org.al\/sq\/regjistrimi-i-nxenesve-ne-klasen-e-pare\/","title":{"rendered":"Regjistrimi i nx\u00ebn\u00ebsve n\u00eb klas\u00ebn e par\u00eb"},"content":{"rendered":"<p><strong>Regjistrimi <\/strong><strong>i nx\u00ebn\u00ebsve n\u00eb klas\u00ebn e par\u00eb <\/strong><strong>b\u00ebhet n\u00eb p\u00ebrputhje me nenin 13 t\u00eb Kreut IV <em>\u201cArsimi baz\u00eb\u201d<\/em> i Dispozitave Normative p\u00ebr sistemin arsimor parauniversitar, 2013.<\/strong><\/p>\n<p><strong>Procedurat e regjistrimit t\u00eb nx\u00ebn\u00ebsve n\u00eb klas\u00ebn e par\u00eb<\/strong><\/p>\n<ol>\n<li>Regjistrimi i nx\u00ebn\u00ebsve n\u00eb klas\u00ebn e par\u00eb t\u00eb arsimit baz\u00eb p\u00ebr vitin e ri shkollor b\u00ebhet n\u00eb dy jav\u00ebt e fundit t\u00eb muajit qershor.\n<ol>\n<li><em>N\u00eb gjasht\u00eb dit\u00ebt e para <\/em>kan\u00eb t\u00eb drejt\u00eb t\u00eb regjistrohen n\u00eb klas\u00ebn e par\u00eb t\u00eb nj\u00eb shkolle publike vet\u00ebm nx\u00ebn\u00ebsit q\u00eb i p\u00ebrkasin zon\u00ebs s\u00eb shkoll\u00ebs. Kur larg\u00ebsia e banes\u00ebs s\u00eb f\u00ebmij\u00ebs nga dy shkolla publike \u00ebsht\u00eb e diskutueshme, prindi zgjedh nj\u00ebr\u00ebn nga dy shkollat.<\/li>\n<li>N\u00eb kat\u00ebr dit\u00ebt pasuese kan\u00eb t\u00eb drejt\u00eb t\u00eb regjistrohen edhe nx\u00ebn\u00ebs q\u00eb u p\u00ebrkasin shkollave t\u00eb zonave t\u00eb tjera. Regjistrime t\u00eb ve\u00e7anta pranohen deri dit\u00ebt e para t\u00eb fillimit t\u00eb vitit shkollor n\u00eb muajin Shtator.<\/li>\n<\/ol>\n<\/li>\n<li>\u00c7do institucion arsimor duhet t\u00eb zbatoj\u00eb list\u00ebn em\u00ebrore t\u00eb f\u00ebmij\u00ebve t\u00eb d\u00ebrguar nga Ministria e Pun\u00ebve t\u00eb Brendshme, n\u00eb vijim t\u00eb zbatimit t\u00eb Urdhrit t\u00eb p\u00ebrbashk\u00ebt nr. 2, dat\u00eb 05.01.2015 \u201cP\u00ebr miratimin e rregullores p\u00ebr zbatimin e Marr\u00ebveshjes s\u00eb bashk\u00ebpunimit, dat\u00eb 02.08.2013 <em>\u201cP\u00ebr identifikimin dhe regjistrimin n\u00eb shkoll\u00eb t\u00eb t\u00eb gjith\u00eb f\u00ebmij\u00ebve t\u00eb mosh\u00ebs s\u00eb detyrimit shkollor\u201d\u201d.<\/em><\/li>\n<li>Regjistrimi i f\u00ebmij\u00ebs n\u00eb klas\u00ebn e par\u00eb b\u00ebhet me k\u00ebto <strong><em>dokumente<\/em><\/strong>:\n<ol>\n<li>Certifikata e lindjes e f\u00ebmij\u00ebs.<\/li>\n<li>V\u00ebrtetimi i vaksinimeve nga qendra sh\u00ebndet\u00ebsore.<\/li>\n<li>Raporti nga okulisti.<\/li>\n<li>Adresa e f\u00ebmij\u00ebs.<\/li>\n<li>V\u00ebrtetimi i ndjekjes s\u00eb kopshtit sipas grupeve, i firmosur nga drejtori i kopshtit (n\u00ebse ka).<\/li>\n<\/ol>\n<\/li>\n<li>N\u00eb raste t\u00eb ve\u00e7anta, kur prindi d\u00ebshiron t\u00eb regjistroj\u00eb f\u00ebmij\u00ebn n\u00eb klas\u00eb e par\u00eb, por:\n<ol>\n<li>nuk disponon certifikat\u00ebn e lindjes, drejtori i shkoll\u00ebs lejon q\u00eb f\u00ebmija t\u00eb ndjek\u00eb shkoll\u00ebn, sipas mosh\u00ebs s\u00eb pretenduar nga prindi dhe i cakton prindit, sipas rrethanave, nj\u00eb afat p\u00ebr paraqitjen e certifikat\u00ebs;<\/li>\n<li>nuk disponon v\u00ebrtetimin e vaksinimeve, drejtori i shkoll\u00ebs i k\u00ebrkon prindit t\u2019i drejtohet qendr\u00ebs sh\u00ebndet\u00ebsore p\u00ebrkat\u00ebse dhe, pas marrjes s\u00eb v\u00ebrtetimit, e regjistron f\u00ebmij\u00ebn.<\/li>\n<\/ol>\n<\/li>\n<\/ol>\n<p><strong>Ju sjellim n\u00eb v\u00ebmendje p\u00ebrfitimin e:<\/strong><\/p>\n<ul>\n<li><em><u>Transport falas<\/u><\/em> p\u00ebr nx\u00ebn\u00ebsit q\u00eb ndjekin arsimin baz\u00eb ose kopshtin dhe q\u00eb jetojn\u00eb n\u00eb distanc\u00eb mbi 2 km larg nga shkolla <em>(Pika 1.b, Vendimit \u201cP\u00ebr p\u00ebrdorimin e fondeve publike p\u00ebr transportimin e punonj\u00ebsve arsimor\u00eb q\u00eb punojn\u00eb dhe t\u00eb nx\u00ebn\u00ebsve q\u00eb m\u00ebsojn\u00eb jasht\u00eb vendbanimit\u201d).<\/em><\/li>\n<li><em><u>Tekste falas<\/u><\/em> p\u00ebr f\u00ebmij\u00ebt: viktimave t\u00eb trafikimit, t\u00eb ndodhur n\u00eb paraburgim\/vuajtje d\u00ebnimi, t\u00eb shtruar n\u00eb Sh\u00ebrbimin Onkologjik, t\u00eb polic\u00ebve t\u00eb r\u00ebn\u00eb n\u00eb detyr\u00eb, Rom dhe egjiptian\u00eb dhe p\u00ebrfitues n\u00eb institucionet e p\u00ebrkujdesjes sociale rezidenciale publike.<\/li>\n<\/ul>\n<p><em>(pika 6.9 e Vendimit nr. 707, dat\u00eb 26.8.2015 \u201cP\u00ebr botimin, shtypjen, shp\u00ebrndarjen dhe shitjen e teksteve shkollore t\u00eb sistemit t\u00eb arsimit parauniversitar\u201d, t\u00eb ndryshuar\u201d)<\/em><\/p>\n","protected":false},"excerpt":{"rendered":"<p>Regjistrimi i nx\u00ebn\u00ebsve n\u00eb klas\u00ebn e par\u00eb b\u00ebhet n\u00eb p\u00ebrputhje me nenin 13 t\u00eb Kreut IV \u201cArsimi baz\u00eb\u201d i Dispozitave Normative p\u00ebr sistemin arsimor parauniversitar, 2013. Procedurat e regjistrimit t\u00eb nx\u00ebn\u00ebsve n\u00eb klas\u00ebn e par\u00eb Regjistrimi i nx\u00ebn\u00ebsve n\u00eb klas\u00ebn e par\u00eb t\u00eb arsimit baz\u00eb p\u00ebr vitin e ri shkollor b\u00ebhet n\u00eb dy jav\u00ebt e [&hellip;]<\/p>\n","protected":false},"author":6,"featured_media":0,"comment_status":"closed","ping_status":"closed","sticky":false,"template":"","format":"standard","meta":{"footnotes":""},"categories":[45,46,47,48,49,50,51,52,32,53,54,59,55,56],"tags":[],"class_list":["post-5532","post","type-post","status-publish","format-standard","hentry","category-berati","category-dibra","category-durresi","category-elbasani","category-fieri","category-gjirokastra","category-korca","category-kukesi","category-lajme","category-lezha","category-shkodra","category-tepergjithshme","category-tirana","category-vlora"],"_links":{"self":[{"href":"https:\/\/observator.org.al\/sq\/wp-json\/wp\/v2\/posts\/5532","targetHints":{"allow":["GET"]}}],"collection":[{"href":"https:\/\/observator.org.al\/sq\/wp-json\/wp\/v2\/posts"}],"about":[{"href":"https:\/\/observator.org.al\/sq\/wp-json\/wp\/v2\/types\/post"}],"author":[{"embeddable":true,"href":"https:\/\/observator.org.al\/sq\/wp-json\/wp\/v2\/users\/6"}],"replies":[{"embeddable":true,"href":"https:\/\/observator.org.al\/sq\/wp-json\/wp\/v2\/comments?post=5532"}],"version-history":[{"count":1,"href":"https:\/\/observator.org.al\/sq\/wp-json\/wp\/v2\/posts\/5532\/revisions"}],"predecessor-version":[{"id":5533,"href":"https:\/\/observator.org.al\/sq\/wp-json\/wp\/v2\/posts\/5532\/revisions\/5533"}],"wp:attachment":[{"href":"https:\/\/observator.org.al\/sq\/wp-json\/wp\/v2\/media?parent=5532"}],"wp:term":[{"taxonomy":"category","embeddable":true,"href":"https:\/\/observator.org.al\/sq\/wp-json\/wp\/v2\/categories?post=5532"},{"taxonomy":"post_tag","embeddable":true,"href":"https:\/\/observator.org.al\/sq\/wp-json\/wp\/v2\/tags?post=5532"}],"curies":[{"name":"wp","href":"https:\/\/api.w.org\/{rel}","templated":true}]}}