{"id":5472,"date":"2017-05-18T13:03:43","date_gmt":"2017-05-18T11:03:43","guid":{"rendered":"http:\/\/observator.org.al\/sq\/?p=5472"},"modified":"2017-05-18T13:03:43","modified_gmt":"2017-05-18T11:03:43","slug":"ne-pritje-te-1-qershorit-2017-unembrojfemijetinvestojmeperfemijet","status":"publish","type":"post","link":"https:\/\/observator.org.al\/sq\/ne-pritje-te-1-qershorit-2017-unembrojfemijetinvestojmeperfemijet\/","title":{"rendered":"N\u00eb pritje t\u00eb 1 Qershorit 2017\u2026. #UneMbrojfemijet#InvestojmePerFemijet"},"content":{"rendered":"<div id=\"id_591d7cbd635e23f65192535\" class=\"text_exposed_root text_exposed\">N\u00eb pritje t\u00eb 1 Qershorit 2017\u2026. <a class=\"_58cn\" href=\"https:\/\/www.facebook.com\/hashtag\/unembrojfemijet\" data-ft=\"{&quot;tn&quot;:&quot;*N&quot;,&quot;type&quot;:104}\">#UneMbrojfemijet<\/a><a class=\"_58cn\" href=\"https:\/\/www.facebook.com\/hashtag\/investojmeperfemijet\" data-ft=\"{&quot;tn&quot;:&quot;*N&quot;,&quot;type&quot;:104}\">#InvestojmePerFemijet<\/a><br \/>\n\u00c7mimi \u201cPunonj\u00ebsi i vitit p\u00ebr mbrojtjen e f\u00ebmij\u00ebve\u201d dhe<br \/>\n\u201cOrganizata e vitit p\u00ebr Mbrojtjen e f\u00ebmij\u00ebve\u201d<\/p>\n<p>Ky \u00e7mim ka si q\u00ebllim t\u00eb vler\u00ebsoj\u00eb kontributin e jasht\u00ebzakonsh\u00ebm q\u00eb individ\u00eb apo organizata japin p\u00ebr f\u00ebmij\u00ebt, n\u00eb m\u00ebnyr\u00eb q\u00eb ata t\u00eb jetojn\u00eb t\u00eb mbrojtur nga cdo form\u00eb e dhun\u00ebs \u2013 duke promovuar sh\u00ebmbuj pozitiv\u00eb dhe frym\u00ebzues.<span class=\"text_exposed_show\"><\/p>\n<p>\u00c7mimi do t\u00eb jepet \u00e7do vit m\u00eb 1 Qershor, duke sh\u00ebnuar k\u00ebshtu fillimin e nj\u00eb tradite vjetore.<\/p>\n<p><em><strong>Kriteret p\u00ebr \u00c7mimin \u201cPROFESIONISTI i VITIT P\u00cbR MBROJTJEN E F\u00cbMIJ\u00cbS\u201d<\/strong><\/em><\/p>\n<p>1. T\u00eb jet\u00eb punonj\u00ebs i nj\u00ebsis\u00eb s\u00eb mbrojtjes s\u00eb f\u00ebmij\u00ebve dhe t\u00eb ket\u00eb me shum\u00eb se 5 vite eksperience pune.<br \/>\n2. T\u00eb ket\u00eb dh\u00ebn\u00eb nj\u00eb kontribut t\u00eb jasht\u00ebzakonsh\u00ebm n\u00eb mbrojtjen e f\u00ebmij\u00ebve nga dhuna, abuzimi, neglizhimi apo shfrytezimi duke sjell\u00eb ndryshime n\u00eb jet\u00ebn e femij\u00ebve dhe familjeve.<br \/>\n3. T\u00eb ket\u00eb menaxhuar nj\u00eb num\u00ebr t\u00eb konsideruesh\u00ebm rastesh, duke zbatuar n\u00eb m\u00ebnyr\u00eb cil\u00ebsore procedurat e menaxhimit t\u00eb rastit.<br \/>\n4. T\u00eb jet\u00eb aktiv dhe t\u00eb ket\u00eb bashk\u00ebpunuar me aktor\u00eb t\u00eb sektor\u00ebve t\u00eb ndrysh\u00ebm publik, privat, donator\u00eb, OJF dhe komunitetin p\u00ebr nd\u00ebrgjegj\u00ebsimin e publikut p\u00ebrsa i p\u00ebrket \u00e7\u00ebshtjeve t\u00eb mbrojtje s\u00eb f\u00ebmij\u00ebve.<\/p>\n<p>Kriteret p\u00ebr \u00c7mimin \u201cOJF E VITIT P\u00cbR MBROJTJEN E F\u00cbMIJ\u00cbVE\u201d (organizat\u00eb jo-fitimprur\u00ebse)<br \/>\n1. T\u00eb jet\u00eb OJF e regjistruar n\u00eb Republik\u00ebn e Shqip\u00ebris\u00eb prej m\u00eb shum\u00eb se 5 vitesh.<br \/>\n2. T\u00eb ket\u00eb n\u00eb fokus t\u00eb pun\u00ebs t\u00eb drejtat e f\u00ebmij\u00ebve dhe t\u00eb jet\u00eb shquar n\u00eb pun\u00ebn p\u00ebr mbrojtje t\u00eb f\u00ebmij\u00ebve nga abuzimi, shfryt\u00ebzimi, dhuna, apo neglizhimi.<br \/>\n3. T\u00eb ket\u00eb ofruar mb\u00ebshtetje p\u00ebr komunitetin dhe t\u00eb ket\u00eb kontribuar n\u00eb ngritjen e kapaciteteve t\u00eb institucioneve publike dhe\/ose ofruesve t\u00eb sh\u00ebrbimeve p\u00ebr f\u00ebmij\u00eb.<\/p>\n<p>\u00c7mimi do t\u00eb jet\u00eb pjes\u00ebmarrje n\u00eb nj\u00eb trajnim n\u00eb nivel nd\u00ebrkomb\u00ebtar i ofruar nga <a href=\"https:\/\/l.facebook.com\/l.php?u=http%3A%2F%2FChildhub.org%2F&amp;h=ATOJLEp-V7fUOcucr9RtGBMPEhmYMgi40_pi2_o0Ii8KYCZHBc1A6Hp669_m_gxZCf-pwvPM6Rz2J6oeTDh7zsbCphPxDfQkI-urcACbeKOpkwsqDNS7hhu86h9yOa0L5ZL6iGSW&amp;enc=AZNYKwNkCqH0cJ1OgJUcg2Jzk--eY1IbsM1gpbknQPIQcGy27CMshGgiYEnl02HtoAEykspfduzEVg31zvlmzoXFe7F8d6ZrtHSR0LOS30ho7q0vPTBobvf2XB5b70RJy9v4rlPg37uw8TpMnb8xylfV&amp;s=1\" target=\"_blank\" rel=\"nofollow  nofollow noopener noreferrer\">Childhub.org<\/a> .<br \/>\nKandidaturat mund t\u00eb propozohen n\u00eb adres\u00ebn elona.halilosmani@femijet.<wbr \/>gov.al deri n\u00eb dat\u00ebn 25 maj 2017. Propozimi duhet t\u00eb p\u00ebrmbaj\u00eb nj\u00eb argumentim t\u00eb shkurt\u00ebr (max 150 fjal\u00eb) mbi kandidatur\u00ebn e propozuar. Kandidaturat do t\u00eb vler\u00ebsohen dhe p\u00ebrzgjidhen nga Komisioni i Vler\u00ebsimit pran\u00eb MMSR.<\/p>\n<p><a href=\"https:\/\/www.facebook.com\/MinistriaMireqeniesSocialedheRinise\/\" data-hovercard=\"\/ajax\/hovercard\/page.php?id=263509480441083&amp;extragetparams=%7B%22directed_target_id%22%3A0%7D\" data-hovercard-prefer-more-content-show=\"1\" data-hovercard-obj-id=\"263509480441083\">Ministria e Mir\u00ebqenies Sociale dhe Rinis\u00eb<\/a><br \/>\n<a href=\"https:\/\/www.facebook.com\/xhackaolta\/\" data-hovercard=\"\/ajax\/hovercard\/page.php?id=501465083222550&amp;extragetparams=%7B%22directed_target_id%22%3A0%7D\" data-hovercard-prefer-more-content-show=\"1\" data-hovercard-obj-id=\"501465083222550\">Olta Xhacka<\/a><br \/>\n<a href=\"https:\/\/www.facebook.com\/unicefalbania\/\" data-hovercard=\"\/ajax\/hovercard\/page.php?id=1418333835086895&amp;extragetparams=%7B%22directed_target_id%22%3A0%7D\" data-hovercard-prefer-more-content-show=\"1\" data-hovercard-obj-id=\"1418333835086895\">UNICEF Albania<\/a><br \/>\n<a href=\"https:\/\/www.facebook.com\/observator.org.al\/\" data-hovercard=\"\/ajax\/hovercard\/page.php?id=523094097768184&amp;extragetparams=%7B%22directed_target_id%22%3A0%7D\" data-hovercard-prefer-more-content-show=\"1\" data-hovercard-obj-id=\"523094097768184\">Observatori p\u00ebr t\u00eb Drejtat e F\u00ebmij\u00ebve \/ Observatory for Children&#8217;s Rights<\/a><br \/>\n<a href=\"https:\/\/www.facebook.com\/Terre.des.hommes.Albania\/\" data-hovercard=\"\/ajax\/hovercard\/page.php?id=168707149850634&amp;extragetparams=%7B%22directed_target_id%22%3A0%7D\" data-hovercard-prefer-more-content-show=\"1\" data-hovercard-obj-id=\"168707149850634\">Terre des hommes Albania<\/a><\/span><\/div>\n<div id=\"fbPhotoSnowliftProductTags\" class=\"fbPhotoProductTags\"><\/div>\n","protected":false},"excerpt":{"rendered":"<p>N\u00eb pritje t\u00eb 1 Qershorit 2017\u2026. #UneMbrojfemijet#InvestojmePerFemijet \u00c7mimi \u201cPunonj\u00ebsi i vitit p\u00ebr mbrojtjen e f\u00ebmij\u00ebve\u201d dhe \u201cOrganizata e vitit p\u00ebr Mbrojtjen e f\u00ebmij\u00ebve\u201d Ky \u00e7mim ka si q\u00ebllim t\u00eb vler\u00ebsoj\u00eb kontributin e jasht\u00ebzakonsh\u00ebm q\u00eb individ\u00eb apo organizata japin p\u00ebr f\u00ebmij\u00ebt, n\u00eb m\u00ebnyr\u00eb q\u00eb ata t\u00eb jetojn\u00eb t\u00eb mbrojtur nga cdo form\u00eb e dhun\u00ebs \u2013 duke [&hellip;]<\/p>\n","protected":false},"author":6,"featured_media":0,"comment_status":"closed","ping_status":"closed","sticky":false,"template":"","format":"standard","meta":{"footnotes":""},"categories":[45,46,47,48,49,50,51,52,32,53,54,59,55,56],"tags":[],"class_list":["post-5472","post","type-post","status-publish","format-standard","hentry","category-berati","category-dibra","category-durresi","category-elbasani","category-fieri","category-gjirokastra","category-korca","category-kukesi","category-lajme","category-lezha","category-shkodra","category-tepergjithshme","category-tirana","category-vlora"],"_links":{"self":[{"href":"https:\/\/observator.org.al\/sq\/wp-json\/wp\/v2\/posts\/5472","targetHints":{"allow":["GET"]}}],"collection":[{"href":"https:\/\/observator.org.al\/sq\/wp-json\/wp\/v2\/posts"}],"about":[{"href":"https:\/\/observator.org.al\/sq\/wp-json\/wp\/v2\/types\/post"}],"author":[{"embeddable":true,"href":"https:\/\/observator.org.al\/sq\/wp-json\/wp\/v2\/users\/6"}],"replies":[{"embeddable":true,"href":"https:\/\/observator.org.al\/sq\/wp-json\/wp\/v2\/comments?post=5472"}],"version-history":[{"count":1,"href":"https:\/\/observator.org.al\/sq\/wp-json\/wp\/v2\/posts\/5472\/revisions"}],"predecessor-version":[{"id":5473,"href":"https:\/\/observator.org.al\/sq\/wp-json\/wp\/v2\/posts\/5472\/revisions\/5473"}],"wp:attachment":[{"href":"https:\/\/observator.org.al\/sq\/wp-json\/wp\/v2\/media?parent=5472"}],"wp:term":[{"taxonomy":"category","embeddable":true,"href":"https:\/\/observator.org.al\/sq\/wp-json\/wp\/v2\/categories?post=5472"},{"taxonomy":"post_tag","embeddable":true,"href":"https:\/\/observator.org.al\/sq\/wp-json\/wp\/v2\/tags?post=5472"}],"curies":[{"name":"wp","href":"https:\/\/api.w.org\/{rel}","templated":true}]}}