{"id":5432,"date":"2017-04-06T22:18:13","date_gmt":"2017-04-06T20:18:13","guid":{"rendered":"http:\/\/observator.org.al\/sq\/?p=5432"},"modified":"2017-04-06T22:19:22","modified_gmt":"2017-04-06T20:19:22","slug":"leter-e-hapur-per-masat-ne-institucionet-e-ekzekutimit-te-vendimeve-penale","status":"publish","type":"post","link":"https:\/\/observator.org.al\/sq\/leter-e-hapur-per-masat-ne-institucionet-e-ekzekutimit-te-vendimeve-penale\/","title":{"rendered":"Let\u00ebr e hapur p\u00ebr masat n\u00eb Institucionet e Ekzekutimit t\u00eb Vendimeve Penale"},"content":{"rendered":"<div class=\"flex_column av_one_third  flex_column_div av-zero-column-padding first  avia-builder-el-0  el_before_av_two_third  avia-builder-el-first  \" style='border-radius:0px; '><div  class='avia-image-container  av-styling-    avia-builder-el-1  avia-builder-el-no-sibling  avia-align-center '  itemprop=\"image\" itemscope=\"itemscope\" itemtype=\"https:\/\/schema.org\/ImageObject\"  ><div class='avia-image-container-inner'><div class='avia-image-overlay-wrap'><a href='http:\/\/observator.org.al\/wp-content\/uploads\/2017\/04\/Shkresa-e-perbashket-me-Kom.Shqiptar-te-Helsinkit.pdf' class='avia_image'  ><img decoding=\"async\" width=\"200\" height=\"335\" class='wp-image-8067 avia-img-lazy-loading-not-8067 avia_image' src=\"https:\/\/observator.org.al\/wp-content\/uploads\/2017\/04\/Shkresa-me-Kom.Shqiptar-te-Helsinkit-cover.jpg\" alt='' title='Shkresa me Kom.Shqiptar te Helsinkit-cover'  itemprop=\"thumbnailUrl\"  \/><\/a><\/div><\/div><\/div><\/div>\n<div class=\"flex_column av_two_third  flex_column_div av-zero-column-padding   avia-builder-el-2  el_after_av_one_third  avia-builder-el-last  \" style='border-radius:0px; '><section class=\"av_textblock_section \"  itemscope=\"itemscope\" itemtype=\"https:\/\/schema.org\/BlogPosting\" itemprop=\"blogPost\" ><div class='avia_textblock  '   itemprop=\"text\" ><p>Let\u00ebr e hapur p\u00ebr marrjen e masave urgjente p\u00ebr krijimin e nj\u00eb ambienti t\u00eb sigurt\u00eb n\u00eb Institucionet e Ekzekutimit t\u00eb Vendimeve Penale<\/p>\n<\/div><\/section><\/div>\n","protected":false},"excerpt":{"rendered":"","protected":false},"author":4,"featured_media":0,"comment_status":"closed","ping_status":"closed","sticky":false,"template":"","format":"standard","meta":{"footnotes":""},"categories":[32,59,55],"tags":[],"class_list":["post-5432","post","type-post","status-publish","format-standard","hentry","category-lajme","category-tepergjithshme","category-tirana"],"_links":{"self":[{"href":"https:\/\/observator.org.al\/sq\/wp-json\/wp\/v2\/posts\/5432","targetHints":{"allow":["GET"]}}],"collection":[{"href":"https:\/\/observator.org.al\/sq\/wp-json\/wp\/v2\/posts"}],"about":[{"href":"https:\/\/observator.org.al\/sq\/wp-json\/wp\/v2\/types\/post"}],"author":[{"embeddable":true,"href":"https:\/\/observator.org.al\/sq\/wp-json\/wp\/v2\/users\/4"}],"replies":[{"embeddable":true,"href":"https:\/\/observator.org.al\/sq\/wp-json\/wp\/v2\/comments?post=5432"}],"version-history":[{"count":2,"href":"https:\/\/observator.org.al\/sq\/wp-json\/wp\/v2\/posts\/5432\/revisions"}],"predecessor-version":[{"id":5435,"href":"https:\/\/observator.org.al\/sq\/wp-json\/wp\/v2\/posts\/5432\/revisions\/5435"}],"wp:attachment":[{"href":"https:\/\/observator.org.al\/sq\/wp-json\/wp\/v2\/media?parent=5432"}],"wp:term":[{"taxonomy":"category","embeddable":true,"href":"https:\/\/observator.org.al\/sq\/wp-json\/wp\/v2\/categories?post=5432"},{"taxonomy":"post_tag","embeddable":true,"href":"https:\/\/observator.org.al\/sq\/wp-json\/wp\/v2\/tags?post=5432"}],"curies":[{"name":"wp","href":"https:\/\/api.w.org\/{rel}","templated":true}]}}