{"id":4910,"date":"2016-02-24T10:02:39","date_gmt":"2016-02-24T09:02:39","guid":{"rendered":"http:\/\/observator.org.al\/sq\/?p=4910"},"modified":"2017-02-01T16:51:52","modified_gmt":"2017-02-01T15:51:52","slug":"konference-mbi-realitetin-shqiptar-te-martesave-nen-moshe-dhe-domosdoshmeria-per-nderhyrje","status":"publish","type":"post","link":"https:\/\/observator.org.al\/sq\/konference-mbi-realitetin-shqiptar-te-martesave-nen-moshe-dhe-domosdoshmeria-per-nderhyrje\/","title":{"rendered":"Diskutime dhe debate mbi realitetin shqiptar t\u00eb martesave n\u00ebn mosh\u00eb dhe domosdoshm\u00ebria p\u00ebr nd\u00ebrhyrje&#8230;&#8221;"},"content":{"rendered":"<p style=\"text-align: justify;\"><em><strong>Observatori p\u00ebr t\u00eb Drejtat e F\u00ebmij\u00ebve<\/strong><\/em>\u00a0n\u00eb partneritet me <em><strong>Fondin Kanadez p\u00ebr Nismat Vendore<\/strong><\/em> organizuan\u00a0konferenc\u00ebn mbi realitetin shqiptar t\u00eb martesave n\u00ebn mosh\u00eb duke theksuar domosdoshm\u00ebrin\u00eb p\u00ebr nd\u00ebrhyrje. Problemet dhe v\u00ebshtir\u00ebsit\u00eb q\u00eb mbart nj\u00eb vajz\u00eb\u2013 grua dhe nj\u00eb familje (e krijuar nga ajo), ishin pjes\u00eb e \u00e7do deklarate t\u00eb mbajtur nga p\u00ebrfaq\u00ebsues t\u00eb lart\u00eb t\u00eb Ministrive, ashtu dhe nga \u00e7do panelist dhe pjes\u00ebmarr\u00ebs n\u00eb k\u00ebt\u00eb konferenc\u00eb.<\/p>\n<p style=\"text-align: justify;\">Studime q\u00eb trajtojn\u00eb k\u00ebt\u00eb problem shoq\u00ebror\u00eb t\u00eb vajzave dhe grave dhe nisma p\u00ebr nd\u00ebrgjegj\u00ebsim p\u00ebr parandalim t\u00eb martesave n\u00ebn mosh\u00eb n\u00eb nivel vendor dhe komb\u00ebtar, mund t\u00eb konsiderohet risi dhe progres n\u00eb vende si Shqip\u00ebria, n\u00eb t\u00eb cil\u00ebn ky fenomen i ka rr\u00ebnj\u00ebt e shtrira thell\u00eb n\u00eb histori dhe t\u00eb ushqyera rishtazi nga faktor\u00eb social\u00eb mjaft dinamik\u00eb. Nga k\u00ebrkime rajonale dhe globale, nj\u00eb fokus i ve\u00e7ant\u00eb i vihet pasojave t\u00eb martes\u00ebs n\u00ebn mosh\u00eb t\u00eb lidhura me: mir\u00ebqenien fizike dhe emocionale, t\u00eb drejt\u00ebn p\u00ebr edukim dhe zhvillim (personal, profesional dhe ekonomik) dhe trajtimi i tyre n\u00eb k\u00ebt\u00eb studim paraqet nj\u00eb r\u00ebnd\u00ebsi t\u00eb ve\u00e7ant\u00eb p\u00ebr kontekstin shqiptar.<\/p>\n<p style=\"text-align: justify;\">N\u00eb kuadrin e KDF<a href=\"#_ftn1\" name=\"_ftnref1\">[1]<\/a> dhe CEDAW<a href=\"#_ftn2\" name=\"_ftnref2\">[2]<\/a> Shqip\u00ebris\u00eb i \u00ebsht\u00eb k\u00ebrkuar, t\u00eb marr\u00eb n\u00eb konsiderat\u00eb \u00e7\u00ebshtjen e martesave t\u00eb hershme dhe t\u00eb raportoj\u00eb mbi t\u00eb. Nd\u00ebrthurja dhe intensifikimi i p\u00ebrpjekjeve t\u00eb p\u00ebrbashk\u00ebta mbi martesat e hershme n\u00eb kontekstin shqiptar \u00ebsht\u00eb nje nevoj\u00eb imediate.<\/p>\n<p style=\"text-align: justify;\">Nga diskutimet dhe debatet e realizuara Ministrit\u00eb shpreh\u00ebn gadishm\u00ebrin\u00eb e bashk\u00ebpunimit t\u00eb ardhsh\u00ebm p\u00ebr t\u00eb minimizuar martesat n\u00ebn mosh\u00eb n\u00ebp\u00ebrmjet:<\/p>\n<ul style=\"text-align: justify;\">\n<li>Rolit m\u00eb t\u00eb madh t\u00eb NjMF-ve dhe NJDF-ve n\u00eb ndjekjen e rasteve;<\/li>\n<li>Mb\u00ebshtetje t\u00eb vajzave-n\u00ebna me programe t\u00eb ve\u00e7anta sociale;<\/li>\n<li>Pun\u00eb individuale me vajzat-n\u00ebna;<\/li>\n<li>Krijimi i leht\u00ebsirave n\u00eb aspektin ligjor;<\/li>\n<li>Realizimin e nj\u00eb studimi komb\u00ebtar duke p\u00ebrfshir\u00eb edhe zona n\u00eb veri t\u00eb Shqip\u00ebris\u00eb;<\/li>\n<li>Ofrimi i disa sh\u00ebrbimeve t\u00eb ve\u00e7anta p\u00ebr t\u00eb rinjt\u00eb;<\/li>\n<li>Fenomeni i martesave t\u00eb hershme dhe pasojat q\u00eb sjell duhet trajtuar si nj\u00eb \u00e7\u00ebshtje e karakterit nd\u00ebrsektorial.<\/li>\n<\/ul>\n<p style=\"text-align: justify;\">Aspektet e shumta t\u00eb martes\u00ebs n\u00ebn mosh\u00eb si n\u00eb drejtim t\u00eb reduktimit t\u00eb shfaqjes dhe n\u00eb drejtim t\u00eb adresimit t\u00eb pasojave p\u00ebrb\u00ebn nj\u00eb proces dh\u00ebnie- dhe- marrjeje mes aktor\u00ebve t\u00eb ndrysh\u00ebm, duke p\u00ebrfshir\u00eb Qeverin\u00eb e Shqip\u00ebris\u00eb dhe institucionet vart\u00ebse, pushtetit vendor si zbatues dhe mb\u00ebshtet\u00ebs t\u00eb politikave, t\u00eb komunitetit t\u00eb donator\u00ebve t\u00eb interesuar n\u00eb \u00e7\u00ebshtjet q\u00eb lidhen me martesat n\u00ebn mosh\u00eb, mediave, komunitetit n\u00eb nivel lokal, si dhe t\u00eb shoq\u00ebris\u00eb civile.<\/p>\n<p style=\"text-align: justify;\">Ne jemi t\u00eb bindur dhe t\u00eb frym\u00ebzuar q\u00eb bashk\u00ebpunimi efektiv nd\u00ebrmjet aktor\u00ebve t\u00eb sip\u00ebrp\u00ebrmendur do t\u00eb ofroj\u00eb nj\u00eb mjedisi shoq\u00ebror n\u00eb t\u00eb cilin vajzat jan\u00eb fuqizuar q\u00eb t\u00eb ken\u00eb nj\u00eb z\u00eb m\u00eb t\u00eb fort\u00eb dhe p\u00ebr t\u00eb marr\u00eb drejtimin e jet\u00ebs s\u00eb tyre &#8211; &#8220;p\u00ebr t\u00eb shijuar vajz\u00ebrin\u00eb p\u00ebrpara t\u00eb qenit nuse!\u201d<\/p>\n<p style=\"text-align: justify;\"><strong>\u00a0 \u00a0 \u00a0 \u00a0 \u00a0 \u00a0 \u00a0 \u00a0 \u00a0 \u00a0Ekipi i pun\u00ebs<\/strong><\/p>\n<p style=\"text-align: justify;\"><strong>Observatori p\u00ebr t\u00eb Drejtat e F\u00ebmij\u00ebve<\/strong><\/p>\n<p style=\"text-align: justify;\"><a href=\"#_ftnref1\" name=\"_ftn1\">[1]<\/a>Konventa p\u00ebr t\u00eb Drejtat e F\u00ebmij\u00ebs<\/p>\n<p><a href=\"#_ftnref2\" name=\"_ftn2\">[2]<\/a>Konventa p\u00ebr Eleminimin e t\u00eb gjith\u00eb formave t\u00eb Diskriminimit ndaj Gruas<\/p>\n","protected":false},"excerpt":{"rendered":"<p>Observatori p\u00ebr t\u00eb Drejtat e F\u00ebmij\u00ebve\u00a0n\u00eb partneritet me Fondin Kanadez p\u00ebr Nismat Vendore organizuan\u00a0konferenc\u00ebn mbi realitetin shqiptar t\u00eb martesave n\u00ebn mosh\u00eb duke theksuar domosdoshm\u00ebrin\u00eb p\u00ebr nd\u00ebrhyrje. Problemet dhe v\u00ebshtir\u00ebsit\u00eb q\u00eb mbart nj\u00eb vajz\u00eb\u2013 grua dhe nj\u00eb familje (e krijuar nga ajo), ishin pjes\u00eb e \u00e7do deklarate t\u00eb mbajtur nga p\u00ebrfaq\u00ebsues t\u00eb lart\u00eb t\u00eb Ministrive, ashtu [&hellip;]<\/p>\n","protected":false},"author":6,"featured_media":0,"comment_status":"closed","ping_status":"closed","sticky":false,"template":"","format":"standard","meta":{"footnotes":""},"categories":[51,32,59,55,56],"tags":[],"class_list":["post-4910","post","type-post","status-publish","format-standard","hentry","category-korca","category-lajme","category-tepergjithshme","category-tirana","category-vlora"],"_links":{"self":[{"href":"https:\/\/observator.org.al\/sq\/wp-json\/wp\/v2\/posts\/4910","targetHints":{"allow":["GET"]}}],"collection":[{"href":"https:\/\/observator.org.al\/sq\/wp-json\/wp\/v2\/posts"}],"about":[{"href":"https:\/\/observator.org.al\/sq\/wp-json\/wp\/v2\/types\/post"}],"author":[{"embeddable":true,"href":"https:\/\/observator.org.al\/sq\/wp-json\/wp\/v2\/users\/6"}],"replies":[{"embeddable":true,"href":"https:\/\/observator.org.al\/sq\/wp-json\/wp\/v2\/comments?post=4910"}],"version-history":[{"count":4,"href":"https:\/\/observator.org.al\/sq\/wp-json\/wp\/v2\/posts\/4910\/revisions"}],"predecessor-version":[{"id":5358,"href":"https:\/\/observator.org.al\/sq\/wp-json\/wp\/v2\/posts\/4910\/revisions\/5358"}],"wp:attachment":[{"href":"https:\/\/observator.org.al\/sq\/wp-json\/wp\/v2\/media?parent=4910"}],"wp:term":[{"taxonomy":"category","embeddable":true,"href":"https:\/\/observator.org.al\/sq\/wp-json\/wp\/v2\/categories?post=4910"},{"taxonomy":"post_tag","embeddable":true,"href":"https:\/\/observator.org.al\/sq\/wp-json\/wp\/v2\/tags?post=4910"}],"curies":[{"name":"wp","href":"https:\/\/api.w.org\/{rel}","templated":true}]}}