{"id":4820,"date":"2016-01-29T21:43:46","date_gmt":"2016-01-29T20:43:46","guid":{"rendered":"http:\/\/observator.org.al\/sq\/?p=4820"},"modified":"2016-01-29T21:44:45","modified_gmt":"2016-01-29T20:44:45","slug":"nenshkrimi-i-memorandumit-te-bashkepunimit-tiranes-dhe-observatorit","status":"publish","type":"post","link":"https:\/\/observator.org.al\/sq\/nenshkrimi-i-memorandumit-te-bashkepunimit-tiranes-dhe-observatorit\/","title":{"rendered":"N\u00ebnshkrimi i Memorandumit t\u00eb Bashk\u00ebpunimit midis K\u00ebshillit t\u00eb Qarkut t\u00eb Tiran\u00ebs dhe Observatorit p\u00ebr t\u00eb Drejtat e F\u00ebmij\u00ebve"},"content":{"rendered":"<div class=\"flex_column av_one_full  flex_column_div av-zero-column-padding first  avia-builder-el-0  el_before_av_hr  avia-builder-el-first  \" style='border-radius:0px; '><p><div  style='padding-bottom:20px; ' class='av-special-heading av-special-heading-h3    avia-builder-el-1  el_before_av_textblock  avia-builder-el-first  '><h3 class='av-special-heading-tag '  itemprop=\"headline\"  >N\u00ebnshkrimi i Memorandumit t\u00eb Bashk\u00ebpunimit midis K\u00ebshillit t\u00eb Qarkut t\u00eb Tiran\u00ebs dhe Observatorit p\u00ebr t\u00eb Drejtat e F\u00ebmij\u00ebve<\/h3><div class='special-heading-border'><div class='special-heading-inner-border' ><\/div><\/div><\/div><br \/>\n<section class=\"av_textblock_section \"  itemscope=\"itemscope\" itemtype=\"https:\/\/schema.org\/BlogPosting\" itemprop=\"blogPost\" ><div class='avia_textblock  '   itemprop=\"text\" ><p><img loading=\"lazy\" decoding=\"async\" class=\"alignleft size-medium wp-image-4814\" src=\"http:\/\/observator.org.al\/wp-content\/uploads\/2016\/01\/memorandum-signing-jan2016-380x243.jpg\" alt=\"memorandum-signing-jan2016\" width=\"380\" height=\"243\" srcset=\"https:\/\/observator.org.al\/wp-content\/uploads\/2016\/01\/memorandum-signing-jan2016-380x243.jpg 380w, https:\/\/observator.org.al\/wp-content\/uploads\/2016\/01\/memorandum-signing-jan2016-450x288.jpg 450w, https:\/\/observator.org.al\/wp-content\/uploads\/2016\/01\/memorandum-signing-jan2016.jpg 576w\" sizes=\"auto, (max-width: 380px) 100vw, 380px\" \/>M\u00eb dt.21.12.2015 \u00a0n\u00eb mjediset e K\u00ebshillit t\u00eb Qarkut Tiran\u00eb u n\u00ebnshkrua Memorandumi i bashk\u00ebpunimit midis K.Q. Tiran\u00eb p\u00ebrfaq\u00ebsuar nga N\/kryetarja \u00a0e K\u00ebshillit Znj.Bora Panajoti dhe Drejtoresha Ekzekutive e Observatorit p\u00ebr t\u00eb Drejtat e F\u00ebmij\u00ebve. N\u00eb momentin e n\u00ebnshkrimit t\u00eb Memorandumit ishte pranish\u00ebm edhe Kryetari i K.Qarkut Z. Aldrin Dalipi. Ky Memorandum \u00ebsht\u00eb vazhdim i bashk\u00ebpunimit q\u00eb ka pasur Observatori me K\u00ebshillin e Qarkut dhe ka nj\u00eb shtrirje kohore 2015-2017. Angazhimet e t\u00eb dypal\u00ebve n\u00ebnshkruese n\u00eb k\u00ebt\u00eb Memorandum bashk\u00ebpunimi do t\u00eb kontribuojn\u00eb n\u00eb nxitjen e programeve dhe hartimin e zbatimin e strategjive e planeve t\u00eb veprimit n\u00eb funksion t\u00eb rritjes s\u00eb respektimit t\u00eb t\u00eb drejtave t\u00eb f\u00ebmij\u00ebve nga institucionet shtet\u00ebrore n\u00eb t\u00eb gjitha fushat e jet\u00ebs e ve\u00e7an\u00ebrisht n\u00eb arsim, sh\u00ebndet\u00ebsi, mbrojtje sociale dhe drejt\u00ebsi.<\/p>\n<\/div><\/section><\/p><\/div><div   class='hr hr-default   avia-builder-el-3  el_after_av_one_full  avia-builder-el-last '><span class='hr-inner ' ><span class='hr-inner-style'><\/span><\/span><\/div><\/p>\n","protected":false},"excerpt":{"rendered":"","protected":false},"author":4,"featured_media":0,"comment_status":"closed","ping_status":"closed","sticky":false,"template":"","format":"standard","meta":{"footnotes":""},"categories":[32,55],"tags":[],"class_list":["post-4820","post","type-post","status-publish","format-standard","hentry","category-lajme","category-tirana"],"_links":{"self":[{"href":"https:\/\/observator.org.al\/sq\/wp-json\/wp\/v2\/posts\/4820","targetHints":{"allow":["GET"]}}],"collection":[{"href":"https:\/\/observator.org.al\/sq\/wp-json\/wp\/v2\/posts"}],"about":[{"href":"https:\/\/observator.org.al\/sq\/wp-json\/wp\/v2\/types\/post"}],"author":[{"embeddable":true,"href":"https:\/\/observator.org.al\/sq\/wp-json\/wp\/v2\/users\/4"}],"replies":[{"embeddable":true,"href":"https:\/\/observator.org.al\/sq\/wp-json\/wp\/v2\/comments?post=4820"}],"version-history":[{"count":2,"href":"https:\/\/observator.org.al\/sq\/wp-json\/wp\/v2\/posts\/4820\/revisions"}],"predecessor-version":[{"id":4822,"href":"https:\/\/observator.org.al\/sq\/wp-json\/wp\/v2\/posts\/4820\/revisions\/4822"}],"wp:attachment":[{"href":"https:\/\/observator.org.al\/sq\/wp-json\/wp\/v2\/media?parent=4820"}],"wp:term":[{"taxonomy":"category","embeddable":true,"href":"https:\/\/observator.org.al\/sq\/wp-json\/wp\/v2\/categories?post=4820"},{"taxonomy":"post_tag","embeddable":true,"href":"https:\/\/observator.org.al\/sq\/wp-json\/wp\/v2\/tags?post=4820"}],"curies":[{"name":"wp","href":"https:\/\/api.w.org\/{rel}","templated":true}]}}