{"id":4758,"date":"2016-01-27T17:22:27","date_gmt":"2016-01-27T16:22:27","guid":{"rendered":"http:\/\/observator.org.al\/sq\/4756\/"},"modified":"2017-02-01T16:52:31","modified_gmt":"2017-02-01T15:52:31","slug":"workshop-cdo_femije_ne_shkolle","status":"publish","type":"post","link":"https:\/\/observator.org.al\/sq\/workshop-cdo_femije_ne_shkolle\/","title":{"rendered":"Workshop dhe Debate \u00c7do f\u00ebmij\u00eb n\u00eb shkoll\u00eb"},"content":{"rendered":"<p style=\"text-align: right;\"><strong>Tiran\u00eb, 27 janar 2016<\/strong><\/p>\n<p style=\"text-align: center;\"><strong>Workshop dhe Debate<\/strong><\/p>\n<p style=\"text-align: center;\"><strong>\u00c7do f\u00ebmij\u00eb n\u00eb shkoll\u00eb- Faza II<\/strong><\/p>\n<p style=\"text-align: justify;\">Observatori p\u00ebr t\u00eb Drejtat e F\u00ebmij\u00ebve, Ministria e Arsimit dhe Sportit n\u00eb partneritet me UNICEF- Shqip\u00ebri kan\u00eb realizuar Workshopin n\u00eb kuad\u00ebr t\u00eb zbatimit t\u00eb nism\u00ebs \u201c\u00c7do f\u00ebmij\u00eb n\u00eb shkoll\u00eb\u201d.<\/p>\n<p style=\"text-align: justify;\">Nisma \u201c\u00c7do f\u00ebmij\u00eb n\u00eb Shkoll\u00eb\u201d po realizohet n\u00ebn v\u00ebmendjen e MAS, n\u00eb partneritet me UNICEF dhe po zbatohet nga Observatori p\u00ebr t\u00eb Drejtat e F\u00ebmij\u00ebve. Kjo nism\u00eb ka filluar n\u00eb vitin 2013 dhe ndiqet nga Observatori p\u00ebr t\u00eb Drejtat e F\u00ebmij\u00ebve nga viti 2014 e n\u00eb vazhdim, me synim identifikimin dhe<span class=\"text_exposed_show\"> rregjistrimin n\u00eb shkoll\u00eb t\u00eb t\u00eb gjith\u00eb f\u00ebmij\u00ebve n\u00eb mosh\u00eb t\u00eb detyrimit shkollor si edhe parandalimin e braktisjes s\u00eb shkoll\u00ebs nga ana e f\u00ebmij\u00ebve q\u00eb jan\u00eb n\u00eb rrezik braktisjeje. Nisma synon ngritjen e mekanizmave t\u00eb mjaftueshme q\u00eb \u00e7do f\u00ebmij\u00eb i mosh\u00ebs s\u00eb detyrimit shkollor t\u00eb ndjek\u00eb shkoll\u00ebn 9-vje\u00e7are.<\/span><\/p>\n<p style=\"text-align: justify;\"><span class=\"text_exposed_show\"><br \/>\nKy Workshop ka mbledhur bashk\u00eb drejtues dhe p\u00ebrfaq\u00ebsues t\u00eb Drejtorive Arsimore Rajonale dhe Zyrave Arsimore, specialist\u00eb t\u00eb MAS, si dhe ekspert\u00eb p\u00ebr mbledhjen e t\u00eb dhenave p\u00ebr rregjistrimin dhe mbajtjen e evidencave p\u00ebr rregjistrimin e f\u00ebmij\u00ebve n\u00eb shkoll\u00eb n\u00eb t\u00eb gjith\u00eb Shqip\u00ebrin\u00eb.<\/span><\/p>\n<p style=\"text-align: justify;\"><img loading=\"lazy\" decoding=\"async\" class=\"aligncenter size-full wp-image-4806\" src=\"http:\/\/observator.org.al\/wp-content\/uploads\/2016\/01\/workshop-cdo_femije_ne_shkolle.jpg\" alt=\"workshop-cdo_femije_ne_shkolle\" width=\"665\" height=\"290\" srcset=\"https:\/\/observator.org.al\/wp-content\/uploads\/2016\/01\/workshop-cdo_femije_ne_shkolle.jpg 665w, https:\/\/observator.org.al\/wp-content\/uploads\/2016\/01\/workshop-cdo_femije_ne_shkolle-380x166.jpg 380w, https:\/\/observator.org.al\/wp-content\/uploads\/2016\/01\/workshop-cdo_femije_ne_shkolle-450x196.jpg 450w\" sizes=\"auto, (max-width: 665px) 100vw, 665px\" \/><\/p>\n","protected":false},"excerpt":{"rendered":"<p>Tiran\u00eb, 27 janar 2016 Workshop dhe Debate \u00c7do f\u00ebmij\u00eb n\u00eb shkoll\u00eb- Faza II Observatori p\u00ebr t\u00eb Drejtat e F\u00ebmij\u00ebve, Ministria e Arsimit dhe Sportit n\u00eb partneritet me UNICEF- Shqip\u00ebri kan\u00eb realizuar Workshopin n\u00eb kuad\u00ebr t\u00eb zbatimit t\u00eb nism\u00ebs \u201c\u00c7do f\u00ebmij\u00eb n\u00eb shkoll\u00eb\u201d. Nisma \u201c\u00c7do f\u00ebmij\u00eb n\u00eb Shkoll\u00eb\u201d po realizohet n\u00ebn v\u00ebmendjen e MAS, n\u00eb partneritet [&hellip;]<\/p>\n","protected":false},"author":6,"featured_media":0,"comment_status":"closed","ping_status":"closed","sticky":false,"template":"","format":"standard","meta":{"footnotes":""},"categories":[45,46,47,48,49,50,51,52,32,53,54,59,55,56],"tags":[],"class_list":["post-4758","post","type-post","status-publish","format-standard","hentry","category-berati","category-dibra","category-durresi","category-elbasani","category-fieri","category-gjirokastra","category-korca","category-kukesi","category-lajme","category-lezha","category-shkodra","category-tepergjithshme","category-tirana","category-vlora"],"_links":{"self":[{"href":"https:\/\/observator.org.al\/sq\/wp-json\/wp\/v2\/posts\/4758","targetHints":{"allow":["GET"]}}],"collection":[{"href":"https:\/\/observator.org.al\/sq\/wp-json\/wp\/v2\/posts"}],"about":[{"href":"https:\/\/observator.org.al\/sq\/wp-json\/wp\/v2\/types\/post"}],"author":[{"embeddable":true,"href":"https:\/\/observator.org.al\/sq\/wp-json\/wp\/v2\/users\/6"}],"replies":[{"embeddable":true,"href":"https:\/\/observator.org.al\/sq\/wp-json\/wp\/v2\/comments?post=4758"}],"version-history":[{"count":4,"href":"https:\/\/observator.org.al\/sq\/wp-json\/wp\/v2\/posts\/4758\/revisions"}],"predecessor-version":[{"id":5359,"href":"https:\/\/observator.org.al\/sq\/wp-json\/wp\/v2\/posts\/4758\/revisions\/5359"}],"wp:attachment":[{"href":"https:\/\/observator.org.al\/sq\/wp-json\/wp\/v2\/media?parent=4758"}],"wp:term":[{"taxonomy":"category","embeddable":true,"href":"https:\/\/observator.org.al\/sq\/wp-json\/wp\/v2\/categories?post=4758"},{"taxonomy":"post_tag","embeddable":true,"href":"https:\/\/observator.org.al\/sq\/wp-json\/wp\/v2\/tags?post=4758"}],"curies":[{"name":"wp","href":"https:\/\/api.w.org\/{rel}","templated":true}]}}