{"id":4253,"date":"2015-10-26T16:17:47","date_gmt":"2015-10-26T15:17:47","guid":{"rendered":"http:\/\/observator.org.al\/?p=4253"},"modified":"2015-10-26T16:17:47","modified_gmt":"2015-10-26T15:17:47","slug":"situata-ne-zonat-e-permbytura-ne-vlore-fier-berat-dhe-korce-dhe-nevoja-per-nderhyrje","status":"publish","type":"post","link":"https:\/\/observator.org.al\/sq\/situata-ne-zonat-e-permbytura-ne-vlore-fier-berat-dhe-korce-dhe-nevoja-per-nderhyrje\/","title":{"rendered":"Situata n\u00eb zonat e p\u00ebrmbytura n\u00eb Vlor\u00eb, Fier, Berat dhe Kor\u00e7\u00eb dhe nevoja p\u00ebr nd\u00ebrhyrje"},"content":{"rendered":"<div class=\"flex_column av_one_full  flex_column_div av-zero-column-padding first  avia-builder-el-0  avia-builder-el-no-sibling  \" style='border-radius:0px; '><section class=\"av_textblock_section \"  itemscope=\"itemscope\" itemtype=\"https:\/\/schema.org\/BlogPosting\" itemprop=\"blogPost\" ><div class='avia_textblock  '   itemprop=\"text\" ><p style=\"text-align: center;\"><strong>Situata n\u00eb zonat e p\u00ebrmbytura n\u00eb Vlor\u00eb, Fier, Berat dhe Kor\u00e7\u00eb dhe nevoja p\u00ebr nd\u00ebrhyrje<\/strong><\/p>\n<p style=\"text-align: center;\"><strong>Monitorimi i situat\u00ebs nga Observatori p\u00ebr t\u00eb Drejtat e F\u00ebmij\u00ebve <\/strong><\/p>\n<p style=\"text-align: center;\"><strong>16 Tetor 2015<\/strong><\/p>\n<p style=\"text-align: justify;\">P\u00ebr m\u00eb shum\u00eb se 3 dit\u00eb, Shqip\u00ebria ka kaluar nj\u00eb situat\u00eb t\u00eb v\u00ebshtir\u00eb t\u00eb p\u00ebrmbytjeve n\u00eb Jug (10-11-12 Tetor 2015). P\u00ebr shkak t\u00eb intensitetit t\u00eb lart\u00eb t\u00eb reshjeve, p\u00ebrmbytjet kan\u00eb qen\u00eb nj\u00eb k\u00ebrc\u00ebnim p\u00ebr sht\u00ebpit\u00eb, bujq\u00ebsin\u00eb dhe blegtorin\u00eb, si dhe p\u00ebr banor\u00ebt q\u00eb jetojn\u00eb n\u00eb zonat e prekura. Bazuar n\u00eb monitorimin q\u00eb Observatori p\u00ebr t\u00eb Drejtat e F\u00ebmij\u00ebve ka b\u00ebr\u00eb gjat\u00eb k\u00ebtyre dit\u00ebve (12-16 tetor 2015), rajonet m\u00eb t\u00eb prekura nga k\u00ebto p\u00ebrmbytje jan\u00eb: <em>Vlor\u00eb, Fier, Berat dhe Kor\u00e7\u00eb.<\/em> N\u00eb Vlor\u00eb, p\u00ebrmbytja masive dhe gur\u00ebt kan\u00eb bllokuar autostrad\u00ebn komb\u00ebtare Orikum- Vlor\u00eb, n\u00eb hyrje t\u00eb Vlor\u00ebs. T\u00eb h\u00ebn\u00ebn n\u00eb 12 tetor 2015, uji ka arritur pothuajse n\u00eb t\u00eb gjitha fushat me probleme duke krijuar nj\u00eb balt\u00eb t\u00eb madhe n\u00eb rrug\u00eb dhe sht\u00ebpi. N\u00eb Fier, p\u00ebrmbytjet jan\u00eb \u00a0shkaktuar nga\u00a0 lumi i Gjanic\u00ebs, i cili ka dal\u00eb \u00a0nga shtrati i saj. N\u00eb Berat, situata e p\u00ebrmbytjeve \u00ebsht\u00eb p\u00ebrkeq\u00ebsuar p\u00ebr shkak se lumi Osum ka dal\u00eb nga shtrati i tij\u00a0gjithashtu. N\u00eb Kor\u00e7\u00eb, p\u00ebrmbytjet kan\u00eb ardhur nga rrjedha e tep\u00ebrt e inerteve t\u00eb lumit Gllabishtove t\u00eb malit Gramoz; gjithashtu Lumi Verdova n\u00eb Pogradec ka dal\u00eb nga shtrati. <strong>N\u00ebnt\u00eb sht\u00ebpi banimi<\/strong> jan\u00eb d\u00ebmtuar nga reshjet, n\u00eb fshatin Podgorie n\u00eb Bashkin\u00eb Maliq.<\/p>\n<p style=\"text-align: justify;\">Nga monitorimet tona, situata \u00ebsht\u00eb p\u00ebrmir\u00ebsuar, por edhe familjet e prekura e kan\u00eb identifikuar nevoj\u00ebn p\u00ebr t\u00eb nd\u00ebrhyr\u00eb n\u00eb zonat e prekura nga p\u00ebrmbytjet. Komisioni \u00ebsht\u00eb duke b\u00ebr\u00eb \u00a0vler\u00ebsimin e d\u00ebmeve. N\u00eb qarkun e Vlor\u00ebs 8 familje jan\u00eb\u00a0vendosur n\u00eb konviktin e shkoll\u00ebs Industriale, sepse sht\u00ebpit\u00eb e tyre jan\u00eb jasht\u00eb funksionit. N\u00eb Vlor\u00eb, organizata t\u00eb ndryshme si W<em>orld Vision<\/em> po ndihmojn\u00eb familjet e prekura nga p\u00ebrmbytjet, duke siguruar strehim n\u00eb shkoll\u00ebn Industriale, ushqime, uj\u00eb, batanije dhe shtret\u00ebr. Mb\u00ebshtetja p\u00ebr k\u00ebto familje do t\u00eb vazhdoj\u00eb dhe n\u00eb dit\u00ebt e ne vijim. N\u00eb qarkun e Fierit grupi i regjistrimit t\u00eb \u00a0d\u00ebmeve \u00ebsht\u00eb ende n\u00eb zonat dhe familjet e prekura dhe nuk ka asnj\u00eb p\u00ebrmbledhje t\u00eb \u00a0p\u00ebrgjithshme t\u00eb \u00a0d\u00ebmeve. Njer\u00ebzit i kan\u00eb d\u00ebrguar Bashkis\u00eb \u00a0emrat e familjeve t\u00eb prekura, d\u00ebmin e b\u00ebr\u00eb dhe foto t\u00eb sht\u00ebpive, p\u00ebr t\u00eb ilustruar d\u00ebmet e shkaktuara. Situata n\u00eb qarkun e Beratit \u00ebsht\u00eb p\u00ebrmir\u00ebsuar q\u00eb pas pushimit t\u00eb \u00a0reshjeve. Shtabi i emergjenc\u00ebs ka ndihmuar n\u00eb largimin e ujit nga banesat. Familjet presin ndihm\u00eb n\u00eb ushqim, veshje dhe ndihma financiare nga Bashkia. Moti \u00ebsht\u00eb p\u00ebrkeq\u00ebsuar dhe gjat\u00eb k\u00ebtyre dit\u00ebve priten zhvillime t\u00eb reja. N\u00eb rajonin e Kor\u00e7\u00ebs, situata \u00ebsht\u00eb normalizuar; komisioni \u00ebsht\u00eb duke b\u00ebr\u00eb vler\u00ebsimin e d\u00ebmit, t\u00eb \u00a0cilat nuk jan\u00eb k\u00ebrc\u00ebnuese p\u00ebr jet\u00ebn e njer\u00ebzve, shumica jetojn\u00eb n\u00eb t\u00eb af\u00ebrmit e tyre.<\/p>\n<p style=\"text-align: justify;\">Deri tani, 2 p\u00ebrmbytje kan\u00eb \u00a0ndodhur k\u00ebt\u00eb vit (2015), dhe ata kan\u00eb prekur\u00a0t\u00eb nj\u00ebjtat zona t\u00eb jugut t\u00eb Shqip\u00ebris\u00eb. Observatori p\u00ebr t\u00eb Drejtat e F\u00ebmij\u00ebve ka krahasuar aspekte t\u00eb ndryshme t\u00eb situat\u00ebs nga p\u00ebrmbytjet n\u00eb Shkurt dhe n\u00eb\u00a0Tetor t\u00eb vitit 2015.<\/p>\n<p style=\"text-align: justify;\"><strong>Krahasimi i zonave t\u00eb prekura m\u00eb s\u00eb shumti nga p\u00ebrmbytjet Tetor 2015 me Shkurt 2015<\/strong><\/p>\n<p style=\"text-align: justify;\"><strong><em>Gjat\u00eb muajit Shkurt 2015,<\/em><\/strong> p\u00ebr m\u00eb shum\u00eb se 2 jav\u00eb Shqip\u00ebria ka kaluar nj\u00eb situat\u00eb t\u00eb r\u00ebnd\u00eb nga p\u00ebrmbytjet. Bazuar n\u00eb monitorimin e gjendjes q\u00eb ka b\u00ebr\u00eb Observatori p\u00ebr t\u00eb Drejtat e F\u00ebmij\u00ebve, rajonet e prekura m\u00eb shum\u00eb nga p\u00ebrmbytjet ishin Vlora, Fieri dhe Berati. N\u00eb Berat p\u00ebrmbytjet u shkaktuan p\u00ebr shkak t\u00eb lumit Osum, i cili ka dal\u00eb \u00a0nga shtrati. N\u00eb Fier p\u00ebrmbytjet u shkaktuan nga lumi Seman dhe Gjanica dhe n\u00eb Vlor\u00eb nga lumi Vjos\u00eb.<\/p>\n<p style=\"text-align: justify;\"><strong><em>Gjat\u00eb muajit Tetor 2015,<\/em><\/strong> p\u00ebr m\u00eb shum\u00eb se 3 dit\u00eb Shqip\u00ebria u p\u00ebrball me nj\u00eb situat\u00eb t\u00eb ngjashme p\u00ebrmbytjeje. Rajonet m\u00eb t\u00eb prekura nga p\u00ebrmbytjet ishin Vlor\u00eb, Fier, Berat dhe Kor\u00e7\u00eb.<\/p>\n<p><strong>Harta 1:<\/strong> Krahasimi i numrit t\u00eb familjeve t\u00eb prekura nga p\u00ebrmbytjet Shkurt 2015 dhe Tetor 2015<\/p>\n<p><img loading=\"lazy\" decoding=\"async\" class=\"size-medium wp-image-4254 aligncenter\" src=\"http:\/\/observator.org.al\/wp-content\/uploads\/2015\/10\/Untitled-a-380x258.jpg\" alt=\"Untitled a\" width=\"380\" height=\"258\" srcset=\"https:\/\/observator.org.al\/wp-content\/uploads\/2015\/10\/Untitled-a-380x258.jpg 380w, https:\/\/observator.org.al\/wp-content\/uploads\/2015\/10\/Untitled-a-450x305.jpg 450w, https:\/\/observator.org.al\/wp-content\/uploads\/2015\/10\/Untitled-a.jpg 494w\" sizes=\"auto, (max-width: 380px) 100vw, 380px\" \/><\/p>\n<p style=\"text-align: justify;\"><strong><em>Gjat\u00eb muajit Shkurt 2015<\/em><\/strong>, disa familje jan\u00eb evakuar n\u00eb \u00e7erdhet e qytete, n\u00eb sht\u00ebpit\u00eb e familjar\u00eb ve t\u00eb \u00a0tyre, etj<\/p>\n<p style=\"text-align: justify;\"><strong><em>Gjat\u00eb muajit Tetor 2015<\/em><\/strong>, disa familje u evakuuan n\u00eb konviktin e shkoll\u00ebs Industriale dhe n\u00eb sht\u00ebpit\u00eb e familjar\u00eb ve t\u00eb \u00a0tyre, etj.<\/p>\n<p style=\"text-align: justify;\"><strong>Harta 2:<\/strong> Krahasimi i numrit t\u00eb familjeve t\u00eb evakuara nga p\u00ebrmbytjet Shkurt 2015 dhe Tetor 2015<\/p>\n<p><a href=\"http:\/\/observator.org.al\/wp-content\/uploads\/2015\/10\/Untitled-b.jpg\"><img loading=\"lazy\" decoding=\"async\" class=\"wp-image-4255 aligncenter\" src=\"http:\/\/observator.org.al\/wp-content\/uploads\/2015\/10\/Untitled-b-380x295.jpg\" alt=\"Untitled b\" width=\"406\" height=\"315\" srcset=\"https:\/\/observator.org.al\/wp-content\/uploads\/2015\/10\/Untitled-b-380x295.jpg 380w, https:\/\/observator.org.al\/wp-content\/uploads\/2015\/10\/Untitled-b-450x350.jpg 450w, https:\/\/observator.org.al\/wp-content\/uploads\/2015\/10\/Untitled-b.jpg 494w\" sizes=\"auto, (max-width: 406px) 100vw, 406px\" \/><\/a><\/p>\n<p><strong>Harta 3:<\/strong> Krahasimi i numrit t\u00eb f\u00ebmij\u00ebve t\u00eb prekur nga p\u00ebrmbytjet Shkurt 2015- Tetor 2015<\/p>\n<p><a href=\"http:\/\/observator.org.al\/wp-content\/uploads\/2015\/10\/Untitled-c.jpg\"><img loading=\"lazy\" decoding=\"async\" class=\"size-medium wp-image-4256 aligncenter\" src=\"http:\/\/observator.org.al\/wp-content\/uploads\/2015\/10\/Untitled-c-380x322.jpg\" alt=\"Untitled c\" width=\"380\" height=\"322\" srcset=\"https:\/\/observator.org.al\/wp-content\/uploads\/2015\/10\/Untitled-c-380x322.jpg 380w, https:\/\/observator.org.al\/wp-content\/uploads\/2015\/10\/Untitled-c-450x382.jpg 450w, https:\/\/observator.org.al\/wp-content\/uploads\/2015\/10\/Untitled-c.jpg 467w\" sizes=\"auto, (max-width: 380px) 100vw, 380px\" \/><\/a><\/p>\n<p><strong>Nd\u00ebrhyrjet e institucioneve lokale<\/strong><\/p>\n<p style=\"text-align: justify;\"><strong><em>Gjat\u00eb muajit Shkurt 2015<\/em>,<\/strong> disa nga institucionet, si Sh\u00ebrbimeve Sociale Shtet\u00ebrore n\u00eb nivel rajonal, qeverit\u00eb lokale; Stafi i\u00a0Emergjencave Civile, etj kan\u00eb shp\u00ebrndar\u00eb ndihma p\u00ebr familjet. Sh\u00ebrbimi Social Shtet\u00ebror n\u00eb qarkun e Beratit ka marr\u00eb iniciativ\u00ebn p\u00ebr t\u00eb hapur nj\u00eb llogari bankare p\u00ebr t\u00eb ndihmuar familjet. Edhe shum\u00eb qytetar\u00eb kan\u00eb kontribuar. Drejtoria Rajonale Arsimit n\u00eb Berat dhe disa shkolla kan\u00eb nd\u00ebrmarr\u00eb iniciativ\u00ebn p\u00ebr t\u00eb mbledhur ushqim dhe veshje p\u00ebr t\u2019u shp\u00ebrndar\u00eb \u00a0n\u00eb familjet e prekura. N\u00eb Qarkun e Fierit institucione t\u00eb ndryshme kan\u00eb dh\u00ebn\u00eb asistenc\u00eb si: pako ushqimore (nga 15 kg ushqime t\u00eb paraqitura nga Shtabi Emergjencave Civile), veshje, ushqim p\u00ebr bag\u00ebtin\u00eb, batanije etj. Pushteti lokal ka pasur v\u00ebshtir\u00ebsi n\u00eb identifikimin dhe d\u00ebrgimin e ndihmave p\u00ebr familjet e prekura nga p\u00ebrmbytjet.<\/p>\n<p style=\"text-align: justify;\"><strong><em>Gjat\u00eb muajit tetor 2015,<\/em><\/strong> institucionet vendore jan\u00eb angazhuar p\u00ebr t\u00eb trajtuar emergjencat civile. N\u00eb rajonin e Vlor\u00ebs emergjencat ishin mobilizuar. Familjet m\u00eb problematike u akomoduan n\u00eb konviktin e Shkoll\u00ebs Industriale t\u00eb \u00a0Vlor\u00ebs. N\u00eb rajonin e Fierit kan\u00eb \u00a0nd\u00ebrhyr\u00eb, autoritetet lokale dhe ekipet e policis\u00eb kan\u00eb marr\u00eb masa p\u00ebr evakuimin; u krijua &#8220;Delta Force&#8221; ekip. N\u00eb rajonin e Beratit nga stafi i Emergjencave n\u00eb Prefektur\u00ebn, uji ishte larguar nga banesa. Bashkia Berat merret me d\u00ebmet p\u00ebr t\u00eb ndihmuar banor\u00ebt e prekur. N\u00eb rajonin e Kor\u00e7\u00ebs, forcat e stacionit t\u00eb zjarrit n\u00eb Ersek\u00eb dhe 6 automjete t\u00eb subjekteve private jan\u00eb v\u00ebn\u00eb n\u00eb l\u00ebvizje p\u00ebr t\u00eb adresuar k\u00ebt\u00eb situat\u00eb dhe p\u00ebr t\u00eb pastruar rrug\u00ebn. N\u00eb Pogradec, p\u00ebr t\u00eb p\u00ebrballuar situat\u00ebn u angazhuan rreth 100 njer\u00ebz nga komuna e Pogradecit dhe personelit zjarrfik\u00ebs stacion. Gjithashtu u p\u00ebrdor\u00ebn 10 automjete p\u00ebr pastrimin e zhavorrit dhe 5 pompa thithje p\u00ebr t\u00eb hequr ujin nga katet e p\u00ebrmbytura t\u00eb nd\u00ebrtesave shum\u00ebkat\u00ebshe. Komisioni Emergjenc\u00ebs n\u00eb Prefektur\u00ebn e themeluar ka bashk\u00ebpunuar me autoritetet lokale, p\u00ebr t\u00eb vler\u00ebsuar d\u00ebmet.<\/p>\n<p style=\"text-align: justify;\"><strong>Nevojat e identifikuara p\u00ebr nd\u00ebrhyrje<\/strong><\/p>\n<p style=\"text-align: justify;\">Gjat\u00eb muajit tetor 2015, nevojat e identifikuara p\u00ebr nd\u00ebrhyrje jan\u00eb: veshje, mobilje, pajisje sht\u00ebpiake, ushqim etj<\/p>\n<p style=\"text-align: justify;\"><strong>Sh\u00ebnime t\u00eb tjera<\/strong><\/p>\n<p style=\"text-align: justify;\">N\u00eb qarkun e Vlor\u00ebs, pjes\u00eb e p\u00ebrmbytjeve kan\u00eb \u00a0qen\u00eb oborret e disa shkollave. T\u00eb h\u00ebn\u00ebn, 12 tetor 2015 uji \u00ebsht\u00eb hequr n\u00eb disa shkolla, por procesi m\u00ebsimor nuk u realizua p\u00ebr shkak t\u00eb balt\u00ebs m\u00ebdha l\u00ebn\u00eb pas heqjes s\u00eb ujit. N\u00eb total jan\u00eb rreth 5 shkolla q\u00eb nuk kan\u00eb zhvilluar procesin e t\u00eb m\u00ebsuarit. N\u00eb Fier sht\u00ebpit\u00eb jan\u00eb d\u00ebmtuar pas p\u00ebrmbytjeve masive. N\u00eb rajonin e Beratit, familjet jan\u00eb t\u00eb bllokuar nga p\u00ebrmbytjet, pasi nuk kishte asnj\u00eb organ t\u00eb \u00a0evakuuar. Shkollat vazhdojn\u00eb procesin m\u00ebsimor. Nd\u00ebrkaq uji i pijsh\u00ebm \u00ebsht\u00eb i pakonsumuar nga qytetar\u00ebt.<\/p>\n<\/div><\/section><\/div>\n","protected":false},"excerpt":{"rendered":"","protected":false},"author":6,"featured_media":0,"comment_status":"closed","ping_status":"closed","sticky":false,"template":"","format":"standard","meta":{"footnotes":""},"categories":[45,49,51,32,56],"tags":[],"class_list":["post-4253","post","type-post","status-publish","format-standard","hentry","category-berati","category-fieri","category-korca","category-lajme","category-vlora"],"_links":{"self":[{"href":"https:\/\/observator.org.al\/sq\/wp-json\/wp\/v2\/posts\/4253","targetHints":{"allow":["GET"]}}],"collection":[{"href":"https:\/\/observator.org.al\/sq\/wp-json\/wp\/v2\/posts"}],"about":[{"href":"https:\/\/observator.org.al\/sq\/wp-json\/wp\/v2\/types\/post"}],"author":[{"embeddable":true,"href":"https:\/\/observator.org.al\/sq\/wp-json\/wp\/v2\/users\/6"}],"replies":[{"embeddable":true,"href":"https:\/\/observator.org.al\/sq\/wp-json\/wp\/v2\/comments?post=4253"}],"version-history":[{"count":1,"href":"https:\/\/observator.org.al\/sq\/wp-json\/wp\/v2\/posts\/4253\/revisions"}],"predecessor-version":[{"id":4257,"href":"https:\/\/observator.org.al\/sq\/wp-json\/wp\/v2\/posts\/4253\/revisions\/4257"}],"wp:attachment":[{"href":"https:\/\/observator.org.al\/sq\/wp-json\/wp\/v2\/media?parent=4253"}],"wp:term":[{"taxonomy":"category","embeddable":true,"href":"https:\/\/observator.org.al\/sq\/wp-json\/wp\/v2\/categories?post=4253"},{"taxonomy":"post_tag","embeddable":true,"href":"https:\/\/observator.org.al\/sq\/wp-json\/wp\/v2\/tags?post=4253"}],"curies":[{"name":"wp","href":"https:\/\/api.w.org\/{rel}","templated":true}]}}