{"id":3901,"date":"2015-06-29T00:55:21","date_gmt":"2015-06-28T22:55:21","guid":{"rendered":"http:\/\/observator.org.al\/?p=3901"},"modified":"2015-06-29T00:55:37","modified_gmt":"2015-06-28T22:55:37","slug":"sikur-te-jetoja-ne-nje-qytet-te-tille","status":"publish","type":"post","link":"https:\/\/observator.org.al\/sq\/sikur-te-jetoja-ne-nje-qytet-te-tille\/","title":{"rendered":"Sikur te jetoja ne nje qytet te tille"},"content":{"rendered":"<div class=\"flex_column av_one_full  flex_column_div av-zero-column-padding first  avia-builder-el-0  avia-builder-el-no-sibling  \" style='border-radius:0px; '><section class=\"av_textblock_section \"  itemscope=\"itemscope\" itemtype=\"https:\/\/schema.org\/BlogPosting\" itemprop=\"blogPost\" ><div class='avia_textblock  '   itemprop=\"text\" ><p>Ana \u00ebsht\u00eb tet\u00eb vje\u00e7e dhe jeton n\u00eb nj\u00eb fshat t\u00eb Fierit. E \u00ebma, prej disa vitesh, nuk jeton m\u00eb. Asaj i duhet t\u00eb kujdeset p\u00ebr t\u00eb motr\u00ebn e cila \u00ebsht\u00eb tre vje\u00e7e. Por Ana duhet t\u00eb mbaj\u00eb past\u00ebr sht\u00ebpin\u00eb, t\u00eb gatuaj\u00eb dhe t\u00eb kujdeset edhe p\u00ebr t\u00eb motr\u00ebn. Babai \u00ebsht\u00eb i papun\u00eb dhe m\u00eb s\u00eb shumti nuk \u00ebsht\u00eb i pranish\u00ebm n\u00eb sht\u00ebpi. N\u00eb shkoll\u00eb, m\u00ebsueset p\u00ebrpiqen ta ndihmojn\u00eb, por kjo \u00ebsht\u00eb shum\u00eb pak p\u00ebr t\u00eb leht\u00ebsuar barr\u00ebn e madhe q\u00eb i duhet t\u00eb mbaj\u00eb mbi supe kjo vajz\u00eb. N\u00ebse n\u00eb k\u00ebt\u00eb zon\u00eb do t\u00eb kishte nj\u00eb kopsht, Ana do t\u00eb ishte shum\u00eb e lumtur p\u00ebr motr\u00ebn e saj. N\u00ebse do t\u00eb kishte nj\u00eb qend\u00ebr komunitare ku ajo dhe motra t\u00eb hanin drek\u00ebn dhe t\u00eb kishin mund\u00ebsi t\u00eb m\u00ebsonin, por edhe t\u00eb arg\u00ebtoheshin, Ana mbase nuk do t\u00eb harronte t\u00eb buz\u00ebqeshte, Dhe n\u00ebse n\u00eb qendr\u00ebn sh\u00ebndet\u00ebsore do t\u00eb kishte mjek dhe infermier n\u00eb \u00e7do koh\u00eb, ajo nuk do t\u00eb shqet\u00ebsohej aq shum\u00eb kur s\u00ebmuren. Por Ana \u00ebsht\u00eb nj\u00eb nd\u00ebr qindra mij\u00eb f\u00ebmij\u00eb t\u00eb cil\u00ebt p\u00ebrpiqen t\u00eb mbijetojn\u00eb me gjithfar\u00eb munden n\u00eb k\u00ebt\u00eb vend ku sh\u00ebrbimet p\u00ebr f\u00ebmij\u00ebt jan\u00eb gati inekzistente. Studimi i INSTAT tregoi se n\u00eb t\u00eb gjith\u00eb vendin jan\u00eb identifikuar 54 mij\u00eb f\u00ebmij\u00eb t\u00eb cil\u00ebt detyrohen t\u00eb punojn\u00eb n\u00eb forma t\u00eb ndryshme dhe nj\u00eb pjes\u00eb e madhe e tyre shfryt\u00ebzohen p\u00ebr lypje apo dhe trafikim. Por mungesa e sh\u00ebrbimeve ndihet edhe m\u00eb shum\u00eb p\u00ebr f\u00ebmij\u00ebt, t\u00eb cil\u00ebt p\u00ebr shkaqe t\u00eb ndryshme sh\u00ebndet\u00ebsore nuk mund t\u00eb l\u00ebvizin pa ndihm\u00ebn e nj\u00eb karrigeje. Blerta \u00ebsht\u00eb nj\u00eb prej tyre. Ajo jeton n\u00eb fshatin Drithas t\u00eb Vlor\u00ebs dhe nuk mund t\u00eb ec\u00eb pa ndihm\u00ebn e nj\u00eb karrigeje me rrota. Pak dit\u00eb para p\u00ebrfundimit t\u00eb zgjedhjeve, ajo p\u00ebrmes nj\u00eb letre i drejtohet kryetarit t\u00eb Bashkis\u00eb s\u00eb Vlor\u00ebs, q\u00eb ta ndihmoj\u00eb q\u00eb ajo dhe shum\u00eb f\u00ebmij\u00eb n\u00eb gjendjen e saj t\u00eb ken\u00eb mund\u00ebsi t\u00eb l\u00ebvizin n\u00eb qytet, por edhe t\u00eb shkojn\u00eb n\u00eb shkoll\u00eb. \u201cSot e kam t\u00eb pamundur t\u00eb l\u00ebviz e vetme, pasi nuk ka rrug\u00eb dhe n\u00eb pjes\u00ebn m\u00eb t\u00eb madhe t\u00eb shkollave nuk \u00ebsht\u00eb parashikuar l\u00ebvizja me karrige me rrota. Nuk ka transport t\u00eb p\u00ebrshtatsh\u00ebm p\u00ebr mua, ndaj t\u00eb lutem zoti kryetar, mos na harroni kur t\u00eb filloni detyr\u00ebn tuaj t\u00eb re!\u201d<br \/>\nPas pak dit\u00ebsh do t\u00eb marr\u00eb fund beteja mes kandidat\u00ebve t\u00eb pushtetit vendor, t\u00eb cil\u00ebt do t\u00eb jen\u00eb p\u00ebrgjegj\u00ebsit konkret\u00eb edhe p\u00ebr p\u00ebrmir\u00ebsimin e jet\u00ebs s\u00eb k\u00ebtyre qytetar\u00ebve shqiptar\u00eb, por kryesisht t\u00eb banor\u00ebve m\u00eb t\u00eb rinj, f\u00ebmij\u00ebve, adoleshent\u00ebve dhe t\u00eb rinjve, q\u00eb p\u00ebrb\u00ebjn\u00eb rreth nj\u00eb t\u00eb kat\u00ebrt\u00ebn e vendit. Ndryshe nga shum\u00eb vite m\u00eb par\u00eb, kandidat\u00ebt e t\u00eb gjitha kaheve na kan\u00eb treguar dhe kan\u00eb premtuar se jo vet\u00ebm i din\u00eb mir\u00eb t\u00eb gjitha problemet dhe mungesat q\u00eb lidhen me f\u00ebmij\u00ebt dhe t\u00eb rinjt\u00eb, por kan\u00eb premtuar se do t\u00eb angazhohen seriozisht p\u00ebr zgjidhjen e tyre. Luka \u00ebsht\u00eb nj\u00eb djal\u00eb 11-vje\u00e7ar, i cili jeton n\u00eb qytetin e Tiran\u00ebs. Ai k\u00ebrkon t\u00eb ket\u00eb m\u00eb shum\u00eb hap\u00ebsira p\u00ebr t\u00eb luajtur, por edhe p\u00ebr t\u00eb zhvilluar aktivitete sportive. N\u00eb letr\u00ebn q\u00eb ai i drejton kryetarit t\u00eb bashkis\u00eb, i kujton se n\u00eb vendin ku ai po rritet nuk ka nj\u00eb kopsht zoologjik dhe n\u00eb lagjen e tij nuk ka asnj\u00eb hap\u00ebsir\u00eb t\u00eb lir\u00eb, ku ai mund t\u00eb luaj\u00eb me shok\u00ebt.<br \/>\nObservatori p\u00ebr t\u00eb Drejtat e F\u00ebmij\u00ebve ka p\u00ebrpiluar nj\u00eb list\u00eb t\u00eb gjat\u00eb t\u00eb k\u00ebtyre premtimeve, t\u00eb cilat, t\u00eb renditura n\u00eb k\u00ebt\u00eb form\u00eb nuk kan\u00eb sesi t\u00eb mos na b\u00ebjn\u00eb t\u00eb ndihemi plot shpres\u00eb dhe krenar\u00eb. Kandidat\u00ebt kan\u00eb premtuar se gjat\u00eb mandatit t\u00eb tyre do t\u00eb punojn\u00eb p\u00ebr ngritjen e qendrave komunitare p\u00ebr f\u00ebmij\u00ebt, do t\u00eb ket\u00eb sh\u00ebrbime alternative p\u00ebr parandalimin e institucionalizimit t\u00eb f\u00ebmij\u00ebve, programe t\u00eb posa\u00e7me n\u00eb mbrojtje dhe kujdesje t\u00eb f\u00ebmij\u00ebve t\u00eb rrug\u00ebs, strehim dhe pun\u00ebsim t\u00eb f\u00ebmij\u00ebve jetim\u00eb, krijimi i zonave arg\u00ebtuese p\u00ebr f\u00ebmij\u00ebt, p\u00ebrmir\u00ebsim t\u00eb ndjesh\u00ebm t\u00eb infrastruktur\u00ebs s\u00eb \u00e7erdheve, kopshteve dhe shkollave. N\u00eb lagjet ku jetojn\u00eb rom\u00ebt do t\u00eb nd\u00ebrhyhet q\u00eb ata t\u00eb ken\u00eb uj\u00eb t\u00eb pijsh\u00ebm, dhe t\u2019u krijohet mund\u00ebsi reale q\u00eb t\u00eb gjith\u00eb f\u00ebmij\u00ebt rom\u00eb t\u00eb ndjekin sistemin parashkollor dhe t\u00eb p\u00ebrfshihen m\u00eb tep\u00ebr n\u00eb aktivitete sociale. Por n\u00eb nj\u00eb sht\u00ebpi ku mungojn\u00eb shum\u00eb gj\u00ebra, dhe ku ekonomia \u00ebsht\u00eb n\u00eb gjendje t\u00eb v\u00ebshtir\u00eb, na ting\u00ebllon e v\u00ebshtir\u00eb dhe pse e pabesueshme, q\u00eb \u00e7do gj\u00eb t\u00eb rinovohet e \u00e7do send t\u00eb vihet n\u00eb vendin e vet. Edhe pse f\u00ebmij\u00ebt meritojn\u00eb shum\u00eb m\u00eb tep\u00ebr dhe t\u00eb gjith\u00eb ne do t\u00eb ndiheshim shum\u00eb m\u00eb t\u00eb qet\u00eb e m\u00eb t\u00eb paqt\u00eb n\u00ebse f\u00ebmij\u00ebt tan\u00eb rriten n\u00eb \u00e7erdhe t\u00eb ngrohta me ushqim cil\u00ebsor, n\u00eb shkolla ku numri i nx\u00ebn\u00ebsve \u00ebsht\u00eb normal dhe m\u00ebsueset e meritojn\u00eb ta ken\u00eb k\u00ebt\u00eb status, n\u00eb qendra sh\u00ebndet\u00ebsore ku nuk mungojn\u00eb medikamentet dhe stafi \u00ebsht\u00eb i trajnuar, apo t\u00eb kalojn\u00eb koh\u00ebn e lir\u00eb n\u00eb parqe t\u00eb mbushur me pem\u00eb. Do t\u00eb donim v\u00ebrtet q\u00eb kjo t\u00eb ndodhte e q\u00eb n\u00eb rrug\u00ebt e lokalet e Tiran\u00ebs t\u00eb mos shfaqen n\u00eb \u00e7do \u00e7ast f\u00ebmij\u00eb q\u00eb lypin e shesin, pasi vet\u00ebm k\u00ebshtu mund t\u00eb shuajn\u00eb urin\u00eb. Do t\u00eb donim v\u00ebrtet t\u00eb besonim, q\u00eb k\u00ebto premtime do t\u00eb realizoheshin edhe n\u00ebse shum\u00ebkush do t\u00eb na akuzonte se po tregohemi tep\u00ebr naiv\u00eb.<\/p>\n<\/div><\/section><\/div>\n","protected":false},"excerpt":{"rendered":"","protected":false},"author":4,"featured_media":3902,"comment_status":"closed","ping_status":"closed","sticky":false,"template":"","format":"standard","meta":{"footnotes":""},"categories":[32],"tags":[],"class_list":["post-3901","post","type-post","status-publish","format-standard","has-post-thumbnail","hentry","category-lajme"],"_links":{"self":[{"href":"https:\/\/observator.org.al\/sq\/wp-json\/wp\/v2\/posts\/3901","targetHints":{"allow":["GET"]}}],"collection":[{"href":"https:\/\/observator.org.al\/sq\/wp-json\/wp\/v2\/posts"}],"about":[{"href":"https:\/\/observator.org.al\/sq\/wp-json\/wp\/v2\/types\/post"}],"author":[{"embeddable":true,"href":"https:\/\/observator.org.al\/sq\/wp-json\/wp\/v2\/users\/4"}],"replies":[{"embeddable":true,"href":"https:\/\/observator.org.al\/sq\/wp-json\/wp\/v2\/comments?post=3901"}],"version-history":[{"count":1,"href":"https:\/\/observator.org.al\/sq\/wp-json\/wp\/v2\/posts\/3901\/revisions"}],"predecessor-version":[{"id":3903,"href":"https:\/\/observator.org.al\/sq\/wp-json\/wp\/v2\/posts\/3901\/revisions\/3903"}],"wp:featuredmedia":[{"embeddable":true,"href":"https:\/\/observator.org.al\/sq\/wp-json\/wp\/v2\/media\/3902"}],"wp:attachment":[{"href":"https:\/\/observator.org.al\/sq\/wp-json\/wp\/v2\/media?parent=3901"}],"wp:term":[{"taxonomy":"category","embeddable":true,"href":"https:\/\/observator.org.al\/sq\/wp-json\/wp\/v2\/categories?post=3901"},{"taxonomy":"post_tag","embeddable":true,"href":"https:\/\/observator.org.al\/sq\/wp-json\/wp\/v2\/tags?post=3901"}],"curies":[{"name":"wp","href":"https:\/\/api.w.org\/{rel}","templated":true}]}}