{"id":3602,"date":"2015-02-16T15:17:44","date_gmt":"2015-02-16T14:17:44","guid":{"rendered":"http:\/\/observator.org.al\/?p=3602"},"modified":"2015-02-16T15:18:17","modified_gmt":"2015-02-16T14:18:17","slug":"2015situata-e-permbytjeve","status":"publish","type":"post","link":"https:\/\/observator.org.al\/sq\/2015situata-e-permbytjeve\/","title":{"rendered":"Situata e p\u00ebrmbytjeve n\u00eb zonat e Beratit, Fierit dhe Vlor\u00ebs dhe nevoja p\u00ebr nd\u00ebrhyrje"},"content":{"rendered":"<p style=\"text-align: center;\"><strong>Skanimi i situat\u00ebs nga Observatori p\u00ebr t\u00eb Drejtat e F\u00ebmij\u00ebve<\/strong><\/p>\n<p style=\"text-align: center;\"><strong><em>12 Shkurt 2015<\/em><\/strong><\/p>\n<p>P\u00ebr m\u00eb shum\u00eb se 2 jav\u00eb Shqip\u00ebria po kalon nj\u00eb situat\u00eb t\u00eb v\u00ebshtir\u00eb p\u00ebrmbytjesh. P\u00ebr shkak t\u00eb reshjeve t\u00eb shumta t\u00eb shiut dhe d\u00ebbor\u00ebs q\u00eb kan\u00eb mbuluar t\u00eb gjith\u00eb vendin, p\u00ebrmbytjet kan\u00eb qen\u00eb nj\u00eb k\u00ebrc\u00ebnim jo vet\u00ebm p\u00ebr sht\u00ebpit\u00eb, agrikultur\u00ebn dhe blegtorin\u00eb, por edhe p\u00ebr banor\u00ebt gjithashtu. Bazuar n\u00eb skanimin e situat\u00ebs q\u00eb Obseravtori p\u00ebr t\u00eb Drejtat e F\u00ebmij\u00ebve ka b\u00ebr\u00eb, qarqet e prekura m\u00eb shum\u00eb nga kjo situat\u00eb jan\u00eb Berati, Fieri dhe Vlora. N\u00eb Berat p\u00ebrmbytjet jan\u00eb shkaktuar si pasoj\u00eb e prurjeve t\u00eb m\u00ebdha t\u00eb lumit Osum dhe daljes nga shtrati t\u00eb k\u00ebtij lumi. N\u00eb Fier p\u00ebrmbytjet jan\u00eb shkaktuar si pasoj\u00eb e daljes nga shtrati t\u00eb lumenjve Vjosa, Seman dhe Gjanica, nd\u00ebrsa n\u00eb Vlor\u00eb si pasoj\u00eb e daljes nga shtrati t\u00eb lumit Vjosa. Figura 1 paraqet vendndodhjet e zonave t\u00eb p\u00ebrmbytyra dhe komunat e prekura m\u00eb shum\u00eb nga k\u00ebto p\u00ebrmbytje<\/p>\n<p><em>Figura 1: Zonat e prekura nga p\u00ebrmbytjet<\/em><\/p>\n<div  class='avia-image-container avia_animated_image avia_animate_when_almost_visible right-to-left av-styling-    avia-builder-el-0  el_before_av_image  avia-builder-el-first  avia-align-center '  itemprop=\"image\" itemscope=\"itemscope\" itemtype=\"https:\/\/schema.org\/ImageObject\"  ><div class='avia-image-container-inner'><div class='avia-image-overlay-wrap'><img decoding=\"async\" class='wp-image-0 avia-img-lazy-loading-not-0 avia_image' src=\"http:\/\/observator.org.al\/wp-content\/uploads\/2015\/02\/2015Figure1-EN.jpg\" alt='' title=''   itemprop=\"thumbnailUrl\"  \/><\/div><\/div><\/div>\n<p>Komunat e prekura m\u00eb shum\u00eb nga p\u00ebrmbytjet, t\u00eb cilat jan\u00eb dhe komunat me d\u00ebmet m\u00eb t\u00eb m\u00ebdha t\u00eb regjistruara n\u00eb sht\u00ebpi, bujq\u00ebsi, blegtori dhe d\u00ebme t\u00eb tjera fizike jan\u00eb:<\/p>\n<p><em>Qarku Berat:<\/em><\/p>\n<ul>\n<li>Bashkia Ura Vajgurore<\/li>\n<li>Komuna Otllak \u2013 Fshati Morav\u00eb<\/li>\n<li>Bashkia Berat<\/li>\n<\/ul>\n<p><em>Qarku Fier:<\/em><\/p>\n<ul>\n<li>Komuna Levan \u2013 Fshatet Ferras dhe Bashkim;<\/li>\n<li>Komuna Frakull \u2013 Fshatet Cerveze dhe Kashishte;<\/li>\n<li>Komuna Dermenas \u2013 Fshatrat Hoxhare, Povelce dhe Darzeze<\/li>\n<\/ul>\n<p><em>Qarku Vlore:<\/em><\/p>\n<ul>\n<li>Komuna Novosele \u2013 Fshatrat Poro, Bishan, Mifol, Akerni dhe Novosele<\/li>\n<\/ul>\n<p>Figura 2 tregon numrin e familjeve t\u00eb prekura nga situata e p\u00ebrmbytjeve dhe numrin e familjeve t\u00eb evakuara n\u00eb nivel qarku. N\u00eb qarkun Berat nga <em>95 familje<\/em> t\u00eb prekura vet\u00ebm <em>1 familje<\/em> me nj\u00eb n\u00ebn\u00eb beqare \u00ebsht\u00eb evakuar dhe \u00ebsht\u00eb strehuar n\u00eb nj\u00eb nga \u00e7erdhet e qytetit, pasi sht\u00ebpia e saj \u00ebsht\u00eb shkat\u00ebrruar nga p\u00ebrmbytjet. N\u00eb qarkun Fier nga <em>440 familje<\/em> t\u00eb prekura <em>126<\/em> prej tyre jan\u00eb evakuar dhe jane strehuar pran\u00eb t\u00eb af\u00ebrmve t\u00eb tyre. N\u00eb qarkun e Vlor\u00ebs nga <em>500 familje<\/em> t\u00eb prekura <em>120<\/em> prej tyre jan\u00eb evakuar. N\u00eb total numri i familjeve t\u00eb prekura nga p\u00ebrmbytjet \u00ebsht\u00eb <em>1035 familje<\/em> dhe numri i familjeve t\u00eb evakuara \u00ebsht\u00eb <em>247 familje<\/em>.<\/p>\n<p><em>Figura 2 : Numri i familjeve t\u00eb prekura nga p\u00ebrmbytjet dhe numri i familjeve t\u00eb evakuara n\u00eb nivel qarku <\/em><\/p>\n<div  class='avia-image-container avia_animated_image avia_animate_when_almost_visible right-to-left av-styling-    avia-builder-el-1  el_after_av_image  el_before_av_image  avia-align-center '  itemprop=\"image\" itemscope=\"itemscope\" itemtype=\"https:\/\/schema.org\/ImageObject\"  ><div class='avia-image-container-inner'><div class='avia-image-overlay-wrap'><img decoding=\"async\" class='wp-image-0 avia-img-lazy-loading-not-0 avia_image' src=\"http:\/\/observator.org.al\/wp-content\/uploads\/2015\/02\/2015Figure2-AL.jpg\" alt='' title=''   itemprop=\"thumbnailUrl\"  \/><\/div><\/div><\/div>\n<p>Figura nr. 3 paraqet numrin e familjeve t\u00eb prekur nga p\u00ebrmbytjet n\u00eb nivel komune, ku komuna m\u00eb e prekur nga kjo situat\u00eb \u00ebsht\u00eb komuna Novosel\u00eb n\u00eb qarkun e Vlor\u00ebs<\/p>\n<p><em>Figura 3: Numri i familjeve t\u00eb prekura nga situata e p\u00ebrmbytjeve n\u00eb nivel komune <\/em><\/p>\n<div  class='avia-image-container avia_animated_image avia_animate_when_almost_visible right-to-left av-styling-    avia-builder-el-2  el_after_av_image  el_before_av_image  avia-align-center '  itemprop=\"image\" itemscope=\"itemscope\" itemtype=\"https:\/\/schema.org\/ImageObject\"  ><div class='avia-image-container-inner'><div class='avia-image-overlay-wrap'><img decoding=\"async\" class='wp-image-0 avia-img-lazy-loading-not-0 avia_image' src=\"http:\/\/observator.org.al\/wp-content\/uploads\/2015\/02\/2015Figure3.jpg\" alt='' title=''   itemprop=\"thumbnailUrl\"  \/><\/div><\/div><\/div>\n<p>Numri i f\u00ebmij\u00ebve t\u00eb prekur nga situata e p\u00ebrmbytjeve dhe t\u00eb p\u00ebrfshir\u00eb n\u00eb k\u00ebt\u00eb situat\u00eb \u00ebsht\u00eb <em>1355 f\u00ebmij\u00eb<\/em> dhe figura nr. 4 paraqet numrin e f\u00ebmij\u00ebve t\u00eb prekur n\u00eb nivel rajonal.<\/p>\n<p><em>Figura 4: Numri i f\u00ebmij\u00ebve t\u00eb p\u00ebrfshir\u00eb n\u00eb situat\u00ebn e p\u00ebrmbytjeve n\u00eb nivel rajonal <\/em><\/p>\n<div  class='avia-image-container avia_animated_image avia_animate_when_almost_visible right-to-left av-styling-    avia-builder-el-3  el_after_av_image  avia-builder-el-last  avia-align-center '  itemprop=\"image\" itemscope=\"itemscope\" itemtype=\"https:\/\/schema.org\/ImageObject\"  ><div class='avia-image-container-inner'><div class='avia-image-overlay-wrap'><img decoding=\"async\" class='wp-image-0 avia-img-lazy-loading-not-0 avia_image' src=\"http:\/\/observator.org.al\/wp-content\/uploads\/2015\/02\/2015Figure4.jpg\" alt='' title=''   itemprop=\"thumbnailUrl\"  \/><\/div><\/div><\/div>\n<p>N\u00eb zonat e p\u00ebrmbytura disa nga insitucionet lokale si Sh\u00ebrbimi Social Shtet\u00ebror n\u00eb nivel rajonal, qeverit\u00eb lokale, Stafi i Emergjencave Civile, etj kan\u00eb shp\u00ebrndar\u00eb ndihma p\u00ebr familjet. Sh\u00ebrbimi Social Shtet\u00ebror n\u00eb qarkun e Beratit ka nd\u00ebrmarr\u00eb iniciativ\u00ebn t\u00eb hap\u00eb nj\u00eb llogari bankare n\u00eb ndihm\u00eb t\u00eb familjeve t\u00eb p\u00ebrmbytura. Deri tani shum\u00eb nga familjet kan\u00eb kontribuar p\u00ebr k\u00ebto familje. Drejtoria Rajonale Arsimore n\u00eb Berat dhe disa shkolla t\u00eb Beratit kan\u00eb nd\u00ebrmarr\u00eb iniciativ\u00ebn t\u00eb mbledhin ushqim dhe veshmbathje p\u00ebr familjet e prekura.<\/p>\n<p>N\u00eb qarkun Fier shum\u00eb institucione kan\u00eb shp\u00ebrndar\u00eb ndihma si paketa ushqimore (nga 15 kg ushqime), veshmbathje, ushqim p\u00ebr bag\u00ebtin\u00eb, 800 batanije (gjat\u00eb k\u00ebtyre dit\u00ebve do t\u00eb shp\u00ebrndahen edhe 1000 batanije p\u00ebr familjet e prekura nga p\u00ebrmbytjet). Qeverit\u00eb lokale kan\u00eb hasur v\u00ebshtir\u00ebsi n\u00eb identifikimin dhe shp\u00ebrndarjen e ndihmave tek familjet e p\u00ebrmbytura, p\u00ebr shkak t\u00eb kushteve t\u00eb k\u00ebqia n\u00eb t\u00eb cilat ndodhen komunat.<\/p>\n<p>T\u00eb gjitha qarqet kan\u00eb nevoja emergjente p\u00ebr nd\u00ebrhyrje, t\u00eb cilat jan\u00eb bazike n\u00eb jet\u00ebn e njer\u00ebzve. Nevojat e identifikuara jan\u00eb:<\/p>\n<ul>\n<li>Ndihma ushqimore;<\/li>\n<li>Tenda;<\/li>\n<li>Krevate portative;<\/li>\n<li>Dyshek\u00eb;<\/li>\n<li>Batanije;<\/li>\n<li>Jast\u00ebk\u00eb;<\/li>\n<li>Veshmbathje personale;<\/li>\n<li>Ngrohje;<\/li>\n<\/ul>\n<p>\u00cbsht\u00eb identifikuar gjithashtu nevoja p\u00ebr t\u00eb nd\u00ebrhyr\u00eb n\u00eb rikonstruksionin e sht\u00ebpiave t\u00eb shembura nga p\u00ebrmbytjet . Nj\u00eb nga kopshtet e qarkut Berat t\u00eb komun\u00ebs Otllak, \u00ebsht\u00eb shkat\u00ebrruar p\u00ebr shkak t\u00eb p\u00ebrmbytjeve. N\u00eb shum\u00eb shkolla t\u00eb p\u00ebrmbytura, ende nuk ka nisur m\u00ebsimi rregullisht.<\/p>\n","protected":false},"excerpt":{"rendered":"<p>Skanimi i situat\u00ebs nga Observatori p\u00ebr t\u00eb Drejtat e F\u00ebmij\u00ebve 12 Shkurt 2015 P\u00ebr m\u00eb shum\u00eb se 2 jav\u00eb Shqip\u00ebria po kalon nj\u00eb situat\u00eb t\u00eb v\u00ebshtir\u00eb p\u00ebrmbytjesh. P\u00ebr shkak t\u00eb reshjeve t\u00eb shumta t\u00eb shiut dhe d\u00ebbor\u00ebs q\u00eb kan\u00eb mbuluar t\u00eb gjith\u00eb vendin, p\u00ebrmbytjet kan\u00eb qen\u00eb nj\u00eb k\u00ebrc\u00ebnim jo vet\u00ebm p\u00ebr sht\u00ebpit\u00eb, agrikultur\u00ebn dhe blegtorin\u00eb, [&hellip;]<\/p>\n","protected":false},"author":4,"featured_media":3600,"comment_status":"closed","ping_status":"closed","sticky":false,"template":"","format":"standard","meta":{"footnotes":""},"categories":[32],"tags":[],"class_list":["post-3602","post","type-post","status-publish","format-standard","has-post-thumbnail","hentry","category-lajme"],"_links":{"self":[{"href":"https:\/\/observator.org.al\/sq\/wp-json\/wp\/v2\/posts\/3602","targetHints":{"allow":["GET"]}}],"collection":[{"href":"https:\/\/observator.org.al\/sq\/wp-json\/wp\/v2\/posts"}],"about":[{"href":"https:\/\/observator.org.al\/sq\/wp-json\/wp\/v2\/types\/post"}],"author":[{"embeddable":true,"href":"https:\/\/observator.org.al\/sq\/wp-json\/wp\/v2\/users\/4"}],"replies":[{"embeddable":true,"href":"https:\/\/observator.org.al\/sq\/wp-json\/wp\/v2\/comments?post=3602"}],"version-history":[{"count":1,"href":"https:\/\/observator.org.al\/sq\/wp-json\/wp\/v2\/posts\/3602\/revisions"}],"predecessor-version":[{"id":3604,"href":"https:\/\/observator.org.al\/sq\/wp-json\/wp\/v2\/posts\/3602\/revisions\/3604"}],"wp:featuredmedia":[{"embeddable":true,"href":"https:\/\/observator.org.al\/sq\/wp-json\/wp\/v2\/media\/3600"}],"wp:attachment":[{"href":"https:\/\/observator.org.al\/sq\/wp-json\/wp\/v2\/media?parent=3602"}],"wp:term":[{"taxonomy":"category","embeddable":true,"href":"https:\/\/observator.org.al\/sq\/wp-json\/wp\/v2\/categories?post=3602"},{"taxonomy":"post_tag","embeddable":true,"href":"https:\/\/observator.org.al\/sq\/wp-json\/wp\/v2\/tags?post=3602"}],"curies":[{"name":"wp","href":"https:\/\/api.w.org\/{rel}","templated":true}]}}