{"id":3507,"date":"2014-12-19T14:55:45","date_gmt":"2014-12-19T13:55:45","guid":{"rendered":"http:\/\/observator.org.al\/?p=3507"},"modified":"2015-01-08T21:28:58","modified_gmt":"2015-01-08T20:28:58","slug":"nisma-cdo-femije-rom-ne-kopesht","status":"publish","type":"post","link":"https:\/\/observator.org.al\/sq\/nisma-cdo-femije-rom-ne-kopesht\/","title":{"rendered":"Nisma \u201cCdo f\u00ebmij\u00eb Rom\u00eb n\u00eb kop\u00ebsht\u201d"},"content":{"rendered":"<p><img loading=\"lazy\" decoding=\"async\" class=\"alignnone size-full wp-image-3561\" src=\"http:\/\/observator.org.al\/wp-content\/uploads\/2014\/12\/Nisma-Roma1.jpg\" alt=\"Nisma-Roma1\" width=\"600\" height=\"130\" srcset=\"https:\/\/observator.org.al\/wp-content\/uploads\/2014\/12\/Nisma-Roma1.jpg 600w, https:\/\/observator.org.al\/wp-content\/uploads\/2014\/12\/Nisma-Roma1-380x82.jpg 380w, https:\/\/observator.org.al\/wp-content\/uploads\/2014\/12\/Nisma-Roma1-450x98.jpg 450w\" sizes=\"auto, (max-width: 600px) 100vw, 600px\" \/><div class=\"flex_column av_one_full  flex_column_div first  avia-builder-el-0  el_before_av_image  avia-builder-el-first  \" ><h3 style=\"text-align: center;\">T\u00eb dh\u00ebna informuese<br \/>\nNisma \u201cCdo f\u00ebmij\u00eb Rom\u00eb n\u00eb kop\u00ebsht\u201d (Viti I)<\/h3>\n<p>Observatori p\u00ebr t\u00eb Drejtat e F\u00ebmij\u00ebve, Shoqata Kristiane e Grave Shqiptare (YWCA), Qendra p\u00ebr Mbrojtjen e t\u00eb Drejtave t\u00eb F\u00ebmij\u00ebve n\u00eb Shqip\u00ebri (CRCA) n\u00eb bashk\u00ebpunim me UNICEF Shqip\u00ebri, q\u00eb n\u00eb Tetor 2013 po zbatojn\u00eb nism\u00ebn \u201c\u00c7do f\u00ebmij\u00eb Rom n\u00eb kopsht\u201d. Ky projekt mund\u00ebsohet nga Zyra e Bashke\u0308punimit Zviceran ne\u0308 Shqipe\u0308ri dhe Kooperimi Austriak pe\u0308r Zhvillim.<\/p>\n<p>Zbatimi i k\u00ebsaj nisme n\u00eb cdo qark dhe rajon te vendit, nd\u00ebr t\u00eb tjera, <em>ka mund\u00ebsuar p\u00ebrfshirjen e shum\u00eb f\u00ebmij\u00ebve rom\u00eb n\u00eb kop\u00ebsht<\/em>, e cila pavar\u00ebsisht sfidave dhe problemeve t\u00eb hasura n\u00eb terren, rezultoi q\u00eb n\u00eb fund t\u00eb vitit shkollor 2013-2014 dhe fillimi i vitit shkollor 2014-2015, t\u00eb kemi n\u00eb total <strong>981 f\u00ebmij\u00eb rom\u00eb<\/strong> n\u00eb kop\u00ebsht nga e 12461, ose<strong> 79%<\/strong> e f\u00ebmij\u00eb rom\u00eb n\u00eb nivel komb\u00ebtar. Si rezultat i zbatimit t\u00eb nism\u00ebs \u201c\u00c7do f\u00ebmij\u00eb rom\u00eb n\u00eb kopsht\u201d, numri i f\u00ebmij\u00ebve rom\u00eb n\u00eb kopsht, n\u00eb nivel komb\u00ebtar, \u00ebsht\u00eb <span style=\"text-decoration: underline;\">rritur<\/span> me <strong>409 f\u00ebmij\u00eb<\/strong> <em>t\u00eb regjistruar n\u00eb kopsht<\/em> ose <strong>33%<\/strong> m\u00eb shum\u00eb.<br \/>\nNga studimi i realizuar nga UNICEF n\u00eb vitin 2011, evidentohet t\u00eb jen\u00eb 396 f\u00ebmij\u00eb nga 1079 f\u00ebmij\u00eb rom\u00eb n\u00eb total, ose 36% t\u00eb regjistuar n\u00eb kopsht, n\u00eb nivel komb\u00ebtar (<a href=\"http:\/\/www.sidalbania.org\/romacom.html\" target=\"_blank\" rel=\"noopener\">http:\/\/www.sidalbania.org\/romacom.html<\/a>).<\/p><\/div><\/p>\n<div  class='avia-image-container avia_animated_image avia_animate_when_almost_visible right-to-left av-styling-    avia-builder-el-1  el_after_av_one_full  el_before_av_image  avia-align-center '  itemprop=\"image\" itemscope=\"itemscope\" itemtype=\"https:\/\/schema.org\/ImageObject\"  ><div class='avia-image-container-inner'><div class='avia-image-overlay-wrap'><a href='http:\/\/www.sidalbania.org\/romacom.html' class='avia_image' target=\"_blank\" rel=\"noopener noreferrer\"><img decoding=\"async\" width=\"541\" height=\"682\" class='wp-image-7681 avia-img-lazy-loading-not-7681 avia_image' src=\"https:\/\/observator.org.al\/wp-content\/uploads\/2014\/12\/alb-map-graphic.png\" alt='' title='alb-map-graphic'  itemprop=\"thumbnailUrl\" srcset=\"https:\/\/observator.org.al\/wp-content\/uploads\/2014\/12\/alb-map-graphic.png 541w, https:\/\/observator.org.al\/wp-content\/uploads\/2014\/12\/alb-map-graphic-301x380.png 301w, https:\/\/observator.org.al\/wp-content\/uploads\/2014\/12\/alb-map-graphic-450x567.png 450w\" sizes=\"(max-width: 541px) 100vw, 541px\" \/><\/a><\/div><\/div><\/div>\n<p>Suksese t\u00eb tjera t\u00eb arritura nga zbatimi i k\u00ebsaj nisme n\u00eb vitin e par\u00eb tij (Tetor 2013 \u2013 Tetor 2014), jan\u00eb dhe <strong>184 f\u00ebmij\u00eb<\/strong> <em>Rom\u00eb t\u00eb vaksinuar<\/em>, <strong>44 f\u00ebmij\u00eb<\/strong> <em>t\u00eb regjistruar n\u00eb Gjendjen Civile<\/em> dhe <strong>74 f\u00ebmij\u00eb<\/strong> (t\u00eb moshave t\u00eb ndryshme) <em>t\u00eb regjistruar n\u00eb arsimin e detyruar<\/em>, n\u00eb nivel komb\u00ebtar.<\/p>\n<div  class='avia-image-container avia_animated_image avia_animate_when_almost_visible right-to-left av-styling-    avia-builder-el-2  el_after_av_image  el_before_av_one_full  avia-align-center '  itemprop=\"image\" itemscope=\"itemscope\" itemtype=\"https:\/\/schema.org\/ImageObject\"  ><div class='avia-image-container-inner'><div class='avia-image-overlay-wrap'><img decoding=\"async\" class='wp-image-7682 avia-img-lazy-loading-not-7682 avia_image' src=\"https:\/\/observator.org.al\/wp-content\/uploads\/2014\/12\/alb-map-graphic2-1030x614.jpg\" alt='' title='alb-map-graphic2' height=\"614\" width=\"1030\"  itemprop=\"thumbnailUrl\" srcset=\"https:\/\/observator.org.al\/wp-content\/uploads\/2014\/12\/alb-map-graphic2-1030x614.jpg 1030w, https:\/\/observator.org.al\/wp-content\/uploads\/2014\/12\/alb-map-graphic2-380x227.jpg 380w, https:\/\/observator.org.al\/wp-content\/uploads\/2014\/12\/alb-map-graphic2-705x420.jpg 705w, https:\/\/observator.org.al\/wp-content\/uploads\/2014\/12\/alb-map-graphic2-450x268.jpg 450w, https:\/\/observator.org.al\/wp-content\/uploads\/2014\/12\/alb-map-graphic2.jpg 1068w\" sizes=\"(max-width: 1030px) 100vw, 1030px\" \/><\/div><\/div><\/div>\n<div class=\"flex_column av_one_full  flex_column_div first  avia-builder-el-3  el_after_av_image  avia-builder-el-last  \" ><p>I gjith\u00eb ky pro\u00e7es i p\u00ebrfshirjes s\u00eb f\u00ebmij\u00ebve rom\u00eb n\u00eb kop\u00ebsht, pati nj\u00eb v\u00ebm\u00ebndje t\u00eb vecant\u00eb dhe tek komuniteti i prind\u00ebrve. Gjat\u00eb zbatimit t\u00eb nism\u00ebs \u201cCdo f\u00ebmij\u00eb Rom\u00eb n\u00eb kop\u00ebsht\u201d, n\u00eb vitin e par\u00eb t\u00eb saj jan\u00eb kontaktuar dhe biseduar me <strong>2,162<\/strong> prind\u00ebr t\u00eb f\u00ebmij\u00ebve t\u00eb komuniteti rom\u00eb n\u00eb lidhje me r\u00ebnd\u00ebsin\u00eb dhe v\u00ebm\u00ebndjen p\u00ebrkushtuar f\u00ebmij\u00ebve gjat\u00eb zhvillimit t\u00eb hersh\u00ebm t\u00eb tyre.<\/p>\n<div  class='avia-image-container avia_animated_image avia_animate_when_almost_visible right-to-left av-styling-    avia-builder-el-4  avia-builder-el-no-sibling  avia-align-center '  itemprop=\"image\" itemscope=\"itemscope\" itemtype=\"https:\/\/schema.org\/ImageObject\"  ><div class='avia-image-container-inner'><div class='avia-image-overlay-wrap'><img decoding=\"async\" class='wp-image-7683 avia-img-lazy-loading-not-7683 avia_image' src=\"https:\/\/observator.org.al\/wp-content\/uploads\/2014\/12\/alb-map-graphic3-1030x618.jpg\" alt='' title='alb-map-graphic3' height=\"618\" width=\"1030\"  itemprop=\"thumbnailUrl\" srcset=\"https:\/\/observator.org.al\/wp-content\/uploads\/2014\/12\/alb-map-graphic3-1030x618.jpg 1030w, https:\/\/observator.org.al\/wp-content\/uploads\/2014\/12\/alb-map-graphic3-380x228.jpg 380w, https:\/\/observator.org.al\/wp-content\/uploads\/2014\/12\/alb-map-graphic3-705x423.jpg 705w, https:\/\/observator.org.al\/wp-content\/uploads\/2014\/12\/alb-map-graphic3-450x270.jpg 450w, https:\/\/observator.org.al\/wp-content\/uploads\/2014\/12\/alb-map-graphic3.jpg 1092w\" sizes=\"(max-width: 1030px) 100vw, 1030px\" \/><\/div><\/div><\/div><\/div>\n","protected":false},"excerpt":{"rendered":"<p>Suksese t\u00eb tjera t\u00eb arritura nga zbatimi i k\u00ebsaj nisme n\u00eb vitin e par\u00eb tij (Tetor 2013 \u2013 Tetor 2014), jan\u00eb dhe 184 f\u00ebmij\u00eb Rom\u00eb t\u00eb vaksinuar, 44 f\u00ebmij\u00eb t\u00eb regjistruar n\u00eb Gjendjen Civile dhe 74 f\u00ebmij\u00eb (t\u00eb moshave t\u00eb ndryshme) t\u00eb regjistruar n\u00eb arsimin e detyruar, n\u00eb nivel komb\u00ebtar.<\/p>\n","protected":false},"author":4,"featured_media":3534,"comment_status":"closed","ping_status":"closed","sticky":false,"template":"","format":"standard","meta":{"footnotes":""},"categories":[32],"tags":[],"class_list":["post-3507","post","type-post","status-publish","format-standard","has-post-thumbnail","hentry","category-lajme"],"_links":{"self":[{"href":"https:\/\/observator.org.al\/sq\/wp-json\/wp\/v2\/posts\/3507","targetHints":{"allow":["GET"]}}],"collection":[{"href":"https:\/\/observator.org.al\/sq\/wp-json\/wp\/v2\/posts"}],"about":[{"href":"https:\/\/observator.org.al\/sq\/wp-json\/wp\/v2\/types\/post"}],"author":[{"embeddable":true,"href":"https:\/\/observator.org.al\/sq\/wp-json\/wp\/v2\/users\/4"}],"replies":[{"embeddable":true,"href":"https:\/\/observator.org.al\/sq\/wp-json\/wp\/v2\/comments?post=3507"}],"version-history":[{"count":15,"href":"https:\/\/observator.org.al\/sq\/wp-json\/wp\/v2\/posts\/3507\/revisions"}],"predecessor-version":[{"id":3563,"href":"https:\/\/observator.org.al\/sq\/wp-json\/wp\/v2\/posts\/3507\/revisions\/3563"}],"wp:featuredmedia":[{"embeddable":true,"href":"https:\/\/observator.org.al\/sq\/wp-json\/wp\/v2\/media\/3534"}],"wp:attachment":[{"href":"https:\/\/observator.org.al\/sq\/wp-json\/wp\/v2\/media?parent=3507"}],"wp:term":[{"taxonomy":"category","embeddable":true,"href":"https:\/\/observator.org.al\/sq\/wp-json\/wp\/v2\/categories?post=3507"},{"taxonomy":"post_tag","embeddable":true,"href":"https:\/\/observator.org.al\/sq\/wp-json\/wp\/v2\/tags?post=3507"}],"curies":[{"name":"wp","href":"https:\/\/api.w.org\/{rel}","templated":true}]}}