{"id":3488,"date":"2014-09-10T00:13:43","date_gmt":"2014-09-09T22:13:43","guid":{"rendered":"http:\/\/observator.org.al\/?p=3488"},"modified":"2014-09-10T00:50:39","modified_gmt":"2014-09-09T22:50:39","slug":"deklarate-publike","status":"publish","type":"post","link":"https:\/\/observator.org.al\/sq\/deklarate-publike\/","title":{"rendered":"DEKLARAT\u00cb PUBLIKE"},"content":{"rendered":"<p style=\"text-align: center;\"><em>Mbi rastin e tentativ\u00ebs p\u00ebr abuzim seksual t\u00eb nj\u00eb vajze 14 vje\u00e7are nga ana e sekretarit t\u00eb deputetit Ko\u00e7o Kok\u00ebdhima n\u00eb qytetin e Sarand\u00ebs.<\/em><\/p>\n<p>Organizatat q\u00eb v\u00ebzhgojn\u00eb dhe mbrojn\u00eb t\u00eb drejtat e f\u00ebmij\u00ebve n\u00eb vend, e vler\u00ebson ngjarjen e ndodhur si nj\u00eb rast flagrant t\u00eb shkeljes t\u00eb t\u00eb drejtave themelore t\u00eb f\u00ebmij\u00ebve, si dhe nj\u00eb c\u00ebnim tejet t\u00eb r\u00ebnd\u00eb t\u00eb dinjitetit njer\u00ebzor t\u00eb gruas dhe f\u00ebmij\u00ebs.<\/p>\n<p>Rasti n\u00eb fjal\u00eb, i cili ka tronditur mbar\u00eb opinionin publik, tregon edhe nj\u00eb her\u00eb p\u00ebrpjekjet p\u00ebr shfryt\u00ebzim seksual t\u00eb f\u00ebmij\u00ebve shqiptar\u00eb q\u00eb b\u00ebhen nga persona t\u00eb veshur me pushtet. Abuzimi i f\u00ebmij\u00ebve \u00ebsht\u00eb tashm\u00eb nj\u00eb fenomen i njohur dhe kjo ngjarje tregon se sa leht\u00eb mund t\u00eb shkelen t\u00eb drejtat e f\u00ebmij\u00ebve duke shfryt\u00ebzuar situatat e d\u00ebshp\u00ebruara t\u00eb qytetar\u00ebve t\u00eb thjesht\u00eb p\u00ebr k\u00ebrkimin e nj\u00eb vendi pune. Ne vler\u00ebsojm\u00eb maksimalisht kurajon e k\u00ebsaj n\u00ebne dhe gruaje, e cila pavar\u00ebsisht situat\u00ebs s\u00eb saj t\u00eb varf\u00ebris\u00eb, vendosi t\u00eb b\u00ebj\u00eb publike dhun\u00ebn,e pamoralshm\u00eb t\u00eb nj\u00eb njeriu t\u00eb veshur me pushtetin e dh\u00ebn\u00eb nga nj\u00eb deputet i Kuvendit t\u00eb Shqip\u00ebris\u00eb, n\u00eb qytetin e Sarand\u00ebs.<\/p>\n<p>Nisur nga kjo ngjarje e r\u00ebnd\u00eb dhe trondit\u00ebse, organizatat q\u00eb i jan\u00eb bashkuar k\u00ebsaj deklarate, rekomandojn\u00eb sa m\u00eb posht\u00eb:<\/p>\n<p>1. Verifikimin e figur\u00ebs s\u00eb \u00e7do personi q\u00eb \u00ebsht\u00eb n\u00eb kontakt me qytetar\u00ebt, sidomos me f\u00ebmij\u00ebt, p\u00ebr t\u00eb eliminuar \u00e7do mund\u00ebsi q\u00eb persona me tendenca p\u00ebr t\u00eb kryer krime seksuale t\u00eb p\u00ebrdorin pozit\u00ebn apo pushtetin e tyre p\u00ebr t\u00eb shfryt\u00ebzuar f\u00ebmij\u00eb;<\/p>\n<p>2. Kuvendi dhe Ministria e Brendshme duhet t\u00eb shikojn\u00eb me prioritet miratimin e k\u00ebrkes\u00ebs disa vje\u00e7are t\u00eb shoq\u00ebris\u00eb civile, p\u00ebr krijimin e Rregjistrit Komb\u00ebtar p\u00ebr Krimet Seksuale, n\u00eb m\u00ebnyr\u00eb q\u00eb t\u00eb shmanget kontakti i grabitqar\u00ebve seksual\u00eb p\u00ebrkundrejt f\u00ebmij\u00ebve, grave etj.<\/p>\n<p>3. Rritja e efektivitetit t\u00eb pun\u00ebs t\u00eb strukturave shtet\u00ebrore t\u00eb mbrojtjes s\u00eb f\u00ebmij\u00ebve n\u00eb nivel lokal p\u00ebr t\u2019u gjendur m\u00eb pran\u00eb problemeve t\u00eb ndjeshme qe kan\u00eb t\u00eb b\u00ebjn\u00eb me shkeljen e t\u00eb drejtave t\u00eb f\u00ebmij\u00ebve.<\/p>\n<p>4. Media duh\u00ebt t\u00eb mb\u00ebshtes\u00eb fushatat sensibiilzuese mbi t\u00eb gjitha format e abuzimit dhe shfryt\u00ebzimit t\u00eb f\u00ebmij\u00ebve dhe denoncoj\u00eb \u00e7do rast t\u00eb tyre, sidomos kur ato lidhen me zyrtar\u00eb publik\u00eb apo persona t\u00eb af\u00ebrt me ta.<\/p>\n<p>5. Krijimi i nj\u00eb task force, ku njer\u00ebzit t\u00eb mund t\u00eb denocojn\u00eb raste te tilla, t\u00eb ngjash\u00ebm me rastin e SHKB t\u00eb shefit te policis\u00eb n\u00eb Velipoj\u00eb.<\/p>\n<p>Kjo deklarat\u00eb mb\u00ebshtetet nga k\u00ebto organizata:<\/p>\n<p>&#8211; Observatori p\u00ebr t\u00eb Drejtat e F\u00ebmij\u00ebve n\u00eb Shqip\u00ebri<br \/>\n&#8211; Qendra p\u00ebr Mbrojtjen e t\u00eb Drejtave t\u00eb F\u00ebmij\u00ebve n\u00eb Shqip\u00ebri (CRCA)<br \/>\n&#8211; ALO 116: Linja Komb\u00ebtare e Telefonit t\u00eb Ndihm\u00ebs p\u00ebr F\u00ebmij\u00ebt<br \/>\n&#8211; Koalicioni p\u00ebr Arsimin e F\u00ebmij\u00ebve<br \/>\n&#8211; Sht\u00ebpia e t\u00eb Drejtave t\u00eb Njeriut<br \/>\n&#8211; Shoqata Kristiane e Grave Shqiptare (YWCA)<br \/>\n&#8211; Fondacioni\u201d Syri I media s\u00eb re\u201d<br \/>\n&#8211; \u201cQendra e informimit Arhus\u201d Vlor\u00eb<br \/>\n&#8211; Partner p\u00ebr f\u00ebmij\u00ebt<br \/>\n&#8211; \u201cEdukimi p\u00ebr Shoq\u00ebrin\u00eb e Hapur\u201d<br \/>\n&#8211; Women\u2019s Democracy Network Albania<br \/>\n&#8211; \u201cShpres\u00eb p\u00ebr t\u00eb ardhmen\u201d Shkod\u00ebr<br \/>\n&#8211; Shoqata q\u00ebndistar\u00ebt Kor\u00e7\u00eb<br \/>\n&#8211; REA OJF<br \/>\n&#8211; Ambasada PINK\/LGBT<br \/>\n&#8211; Qendra p\u00ebr nisma ligjore Qytetare<br \/>\n&#8211; Shoqata&#8221;Gruaja N\u00ebne dhe Edukatore&#8221;<br \/>\n&#8211; Gender Alliance for Development Center<\/p>\n","protected":false},"excerpt":{"rendered":"<p>Mbi rastin e tentativ\u00ebs p\u00ebr abuzim seksual t\u00eb nj\u00eb vajze 14 vje\u00e7are nga ana e sekretarit t\u00eb deputetit Ko\u00e7o Kok\u00ebdhima n\u00eb qytetin e Sarand\u00ebs. Organizatat q\u00eb v\u00ebzhgojn\u00eb dhe mbrojn\u00eb t\u00eb drejtat e f\u00ebmij\u00ebve n\u00eb vend, e vler\u00ebson ngjarjen e ndodhur si nj\u00eb rast flagrant t\u00eb shkeljes t\u00eb t\u00eb drejtave themelore t\u00eb f\u00ebmij\u00ebve, si dhe nj\u00eb [&hellip;]<\/p>\n","protected":false},"author":4,"featured_media":3486,"comment_status":"closed","ping_status":"closed","sticky":false,"template":"","format":"standard","meta":{"footnotes":""},"categories":[32],"tags":[],"class_list":["post-3488","post","type-post","status-publish","format-standard","has-post-thumbnail","hentry","category-lajme"],"_links":{"self":[{"href":"https:\/\/observator.org.al\/sq\/wp-json\/wp\/v2\/posts\/3488","targetHints":{"allow":["GET"]}}],"collection":[{"href":"https:\/\/observator.org.al\/sq\/wp-json\/wp\/v2\/posts"}],"about":[{"href":"https:\/\/observator.org.al\/sq\/wp-json\/wp\/v2\/types\/post"}],"author":[{"embeddable":true,"href":"https:\/\/observator.org.al\/sq\/wp-json\/wp\/v2\/users\/4"}],"replies":[{"embeddable":true,"href":"https:\/\/observator.org.al\/sq\/wp-json\/wp\/v2\/comments?post=3488"}],"version-history":[{"count":1,"href":"https:\/\/observator.org.al\/sq\/wp-json\/wp\/v2\/posts\/3488\/revisions"}],"predecessor-version":[{"id":3490,"href":"https:\/\/observator.org.al\/sq\/wp-json\/wp\/v2\/posts\/3488\/revisions\/3490"}],"wp:featuredmedia":[{"embeddable":true,"href":"https:\/\/observator.org.al\/sq\/wp-json\/wp\/v2\/media\/3486"}],"wp:attachment":[{"href":"https:\/\/observator.org.al\/sq\/wp-json\/wp\/v2\/media?parent=3488"}],"wp:term":[{"taxonomy":"category","embeddable":true,"href":"https:\/\/observator.org.al\/sq\/wp-json\/wp\/v2\/categories?post=3488"},{"taxonomy":"post_tag","embeddable":true,"href":"https:\/\/observator.org.al\/sq\/wp-json\/wp\/v2\/tags?post=3488"}],"curies":[{"name":"wp","href":"https:\/\/api.w.org\/{rel}","templated":true}]}}